{"id":4551,"date":"2026-04-25T14:29:50","date_gmt":"2026-04-25T14:29:50","guid":{"rendered":"https:\/\/catedravargasllosa.org\/inicio\/?p=4551"},"modified":"2026-04-28T14:33:00","modified_gmt":"2026-04-28T14:33:00","slug":"exposicion-inmersiva-el-viaje-de-vargas-llosa-como-el-mundo-se-vuelve-literatura-25-de-abril-de-2026","status":"publish","type":"post","link":"https:\/\/catedravargasllosa.org\/inicio\/index.php\/2026\/04\/25\/exposicion-inmersiva-el-viaje-de-vargas-llosa-como-el-mundo-se-vuelve-literatura-25-de-abril-de-2026\/","title":{"rendered":"Exposici\u00f3n inmersiva \u00abEl viaje de Vargas Llosa: c\u00f3mo el mundo se vuelve literatura\u00bb &#8211; 25 de abril de 2026"},"content":{"rendered":"\t\t<div data-elementor-type=\"wp-post\" data-elementor-id=\"4551\" class=\"elementor elementor-4551\" data-elementor-post-type=\"post\">\n\t\t\t\t<div class=\"elementor-element elementor-element-7be8d4d e-flex e-con-boxed e-con e-parent\" data-id=\"7be8d4d\" data-element_type=\"container\">\n\t\t\t\t\t<div class=\"e-con-inner\">\n\t\t\t\t<div class=\"elementor-element elementor-element-cfad910 elementor-widget elementor-widget-text-editor\" data-id=\"cfad910\" data-element_type=\"widget\" data-widget_type=\"text-editor.default\">\n\t\t\t\t\t\t\t\t\t<p data-end=\"238\" data-start=\"0\">En el marco de la\u00a0Feria Internacional del Libro de Buenos Aires, el Ministerio de Cultura y la Biblioteca Nacional del Per\u00fa inauguraron la exposici\u00f3n inmersiva\u00a0<em data-end=\"237\" data-start=\"175\">El viaje de Vargas Llosa: c\u00f3mo el mundo se vuelve literatura<\/em>.<\/p><p data-end=\"587\" data-is-last-node=\"\" data-is-only-node=\"\" data-start=\"240\">La muestra presenta a\u00a0Mario Vargas Llosa\u00a0como un viajero y observador del mundo, cuya obra se nutre de las experiencias, culturas y territorios que recorri\u00f3. A trav\u00e9s de un recorrido que combina proyecciones, fotograf\u00eda, sonido y video, la exposici\u00f3n re\u00fane materiales de su familia, la C\u00e1tedra Vargas Llosa y la revista Caretas.<\/p>\t\t\t\t\t\t\t\t<\/div>\n\t\t\t\t\t<\/div>\n\t\t\t\t<\/div>\n\t\t<div class=\"elementor-element elementor-element-8a5953b e-flex e-con-boxed e-con e-parent\" data-id=\"8a5953b\" data-element_type=\"container\">\n\t\t\t\t\t<div class=\"e-con-inner\">\n\t\t\t\t<div class=\"elementor-element elementor-element-e88375a elementor-widget elementor-widget-gallery\" data-id=\"e88375a\" data-element_type=\"widget\" data-settings=\"{&quot;columns&quot;:2,&quot;lazyload&quot;:&quot;yes&quot;,&quot;gallery_layout&quot;:&quot;grid&quot;,&quot;columns_tablet&quot;:2,&quot;columns_mobile&quot;:1,&quot;gap&quot;:{&quot;unit&quot;:&quot;px&quot;,&quot;size&quot;:10,&quot;sizes&quot;:[]},&quot;gap_tablet&quot;:{&quot;unit&quot;:&quot;px&quot;,&quot;size&quot;:10,&quot;sizes&quot;:[]},&quot;gap_mobile&quot;:{&quot;unit&quot;:&quot;px&quot;,&quot;size&quot;:10,&quot;sizes&quot;:[]},&quot;link_to&quot;:&quot;file&quot;,&quot;aspect_ratio&quot;:&quot;3:2&quot;,&quot;overlay_background&quot;:&quot;yes&quot;,&quot;content_hover_animation&quot;:&quot;fade-in&quot;}\" data-widget_type=\"gallery.default\">\n\t\t\t\t\t\t\t<div class=\"elementor-gallery__container\">\n\t\t\t\t\t\t\t<a class=\"e-gallery-item elementor-gallery-item elementor-animated-content\" href=\"https:\/\/catedravargasllosa.org\/inicio\/wp-content\/uploads\/2026\/04\/HG1yJAwaQAECz2P.jpeg\" data-elementor-open-lightbox=\"yes\" data-elementor-lightbox-slideshow=\"e88375a\" data-e-action-hash=\"#elementor-action%3Aaction%3Dlightbox%26settings%3DeyJpZCI6NDU1NCwidXJsIjoiaHR0cHM6XC9cL2NhdGVkcmF2YXJnYXNsbG9zYS5vcmdcL2luaWNpb1wvd3AtY29udGVudFwvdXBsb2Fkc1wvMjAyNlwvMDRcL0hHMXlKQXdhUUFFQ3oyUC5qcGVnIiwic2xpZGVzaG93IjoiZTg4Mzc1YSJ9\">\n\t\t\t\t\t<div class=\"e-gallery-image elementor-gallery-item__image\" data-thumbnail=\"https:\/\/catedravargasllosa.org\/inicio\/wp-content\/uploads\/2026\/04\/HG1yJAwaQAECz2P.jpeg\" data-width=\"1280\" data-height=\"853\" aria-label=\"\" role=\"img\" ><\/div>\n\t\t\t\t\t\t\t\t\t\t\t<div class=\"elementor-gallery-item__overlay\"><\/div>\n\t\t\t\t\t\t\t\t\t\t\t\t\t\t<\/a>\n\t\t\t\t\t\t\t<a class=\"e-gallery-item elementor-gallery-item elementor-animated-content\" href=\"https:\/\/catedravargasllosa.org\/inicio\/wp-content\/uploads\/2026\/04\/HG1yKQfbEAAFS5t.jpeg\" data-elementor-open-lightbox=\"yes\" data-elementor-lightbox-slideshow=\"e88375a\" data-e-action-hash=\"#elementor-action%3Aaction%3Dlightbox%26settings%3DeyJpZCI6NDU1MiwidXJsIjoiaHR0cHM6XC9cL2NhdGVkcmF2YXJnYXNsbG9zYS5vcmdcL2luaWNpb1wvd3AtY29udGVudFwvdXBsb2Fkc1wvMjAyNlwvMDRcL0hHMXlLUWZiRUFBRlM1dC5qcGVnIiwic2xpZGVzaG93IjoiZTg4Mzc1YSJ9\">\n\t\t\t\t\t<div class=\"e-gallery-image elementor-gallery-item__image\" data-thumbnail=\"https:\/\/catedravargasllosa.org\/inicio\/wp-content\/uploads\/2026\/04\/HG1yKQfbEAAFS5t.jpeg\" data-width=\"1280\" data-height=\"853\" aria-label=\"\" role=\"img\" ><\/div>\n\t\t\t\t\t\t\t\t\t\t\t<div class=\"elementor-gallery-item__overlay\"><\/div>\n\t\t\t\t\t\t\t\t\t\t\t\t\t\t<\/a>\n\t\t\t\t\t<\/div>\n\t\t\t\t\t<\/div>\n\t\t\t\t\t<\/div>\n\t\t\t\t<\/div>\n\t\t\t\t<\/div>\n\t\t","protected":false},"excerpt":{"rendered":"<p>En el marco de la\u00a0Feria Internacional del Libro de Buenos Aires, el Ministerio de Cultura y la Biblioteca Nacional del Per\u00fa inauguraron la exposici\u00f3n inmersiva\u00a0El viaje de Vargas Llosa: c\u00f3mo el mundo se vuelve literatura. La muestra presenta a\u00a0Mario Vargas Llosa\u00a0como un viajero y observador del mundo, cuya obra se nutre de las experiencias, culturas [&hellip;]<\/p>\n","protected":false},"author":3,"featured_media":4552,"comment_status":"open","ping_status":"closed","sticky":false,"template":"","format":"standard","meta":{"_acf_changed":false,"footnotes":""},"categories":[8],"tags":[],"class_list":["post-4551","post","type-post","status-publish","format-standard","has-post-thumbnail","hentry","category-eventos"],"acf":[],"yoast_head":"<!-- This site is optimized with the Yoast SEO plugin v25.0 - https:\/\/yoast.com\/wordpress\/plugins\/seo\/ -->\n<title>Exposici\u00f3n inmersiva &quot;El viaje de Vargas Llosa: c\u00f3mo el mundo se vuelve literatura&quot; - 25 de abril de 2026 - C\u00e1tedra Vargas Llosa<\/title>\n<meta name=\"robots\" content=\"index, follow, max-snippet:-1, max-image-preview:large, max-video-preview:-1\" \/>\n<link rel=\"canonical\" href=\"https:\/\/catedravargasllosa.org\/inicio\/index.php\/2026\/04\/25\/exposicion-inmersiva-el-viaje-de-vargas-llosa-como-el-mundo-se-vuelve-literatura-25-de-abril-de-2026\/\" \/>\n<meta property=\"og:locale\" content=\"es_ES\" \/>\n<meta property=\"og:type\" content=\"article\" \/>\n<meta property=\"og:title\" content=\"Exposici\u00f3n inmersiva &quot;El viaje de Vargas Llosa: c\u00f3mo el mundo se vuelve literatura&quot; - 25 de abril de 2026 - C\u00e1tedra Vargas Llosa\" \/>\n<meta property=\"og:description\" content=\"En el marco de la\u00a0Feria Internacional del Libro de Buenos Aires, el Ministerio de Cultura y la Biblioteca Nacional del Per\u00fa inauguraron la exposici\u00f3n inmersiva\u00a0El viaje de Vargas Llosa: c\u00f3mo el mundo se vuelve literatura. La muestra presenta a\u00a0Mario Vargas Llosa\u00a0como un viajero y observador del mundo, cuya obra se nutre de las experiencias, culturas [&hellip;]\" \/>\n<meta property=\"og:url\" content=\"https:\/\/catedravargasllosa.org\/inicio\/index.php\/2026\/04\/25\/exposicion-inmersiva-el-viaje-de-vargas-llosa-como-el-mundo-se-vuelve-literatura-25-de-abril-de-2026\/\" \/>\n<meta property=\"og:site_name\" content=\"C\u00e1tedra Vargas Llosa\" \/>\n<meta property=\"article:published_time\" content=\"2026-04-25T14:29:50+00:00\" \/>\n<meta property=\"article:modified_time\" content=\"2026-04-28T14:33:00+00:00\" \/>\n<meta property=\"og:image\" content=\"https:\/\/catedravargasllosa.org\/inicio\/wp-content\/uploads\/2026\/04\/HG1yKQfbEAAFS5t.jpeg\" \/>\n\t<meta property=\"og:image:width\" content=\"1280\" \/>\n\t<meta property=\"og:image:height\" content=\"853\" \/>\n\t<meta property=\"og:image:type\" content=\"image\/jpeg\" \/>\n<meta name=\"author\" content=\"smacias\" \/>\n<meta name=\"twitter:card\" content=\"summary_large_image\" \/>\n<meta name=\"twitter:label1\" content=\"Escrito por\" \/>\n\t<meta name=\"twitter:data1\" content=\"smacias\" \/>\n\t<meta name=\"twitter:label2\" content=\"Tiempo de lectura\" \/>\n\t<meta name=\"twitter:data2\" content=\"1 minuto\" \/>\n<script type=\"application\/ld+json\" class=\"yoast-schema-graph\">{\"@context\":\"https:\/\/schema.org\",\"@graph\":[{\"@type\":\"Article\",\"@id\":\"https:\/\/catedravargasllosa.org\/inicio\/index.php\/2026\/04\/25\/exposicion-inmersiva-el-viaje-de-vargas-llosa-como-el-mundo-se-vuelve-literatura-25-de-abril-de-2026\/#article\",\"isPartOf\":{\"@id\":\"https:\/\/catedravargasllosa.org\/inicio\/index.php\/2026\/04\/25\/exposicion-inmersiva-el-viaje-de-vargas-llosa-como-el-mundo-se-vuelve-literatura-25-de-abril-de-2026\/\"},\"author\":{\"name\":\"smacias\",\"@id\":\"https:\/\/catedravargasllosa.org\/inicio\/#\/schema\/person\/4e1d7c8d4832b652c6000893e764eeb2\"},\"headline\":\"Exposici\u00f3n inmersiva \u00abEl viaje de Vargas Llosa: c\u00f3mo el mundo se vuelve literatura\u00bb &#8211; 25 de abril de 2026\",\"datePublished\":\"2026-04-25T14:29:50+00:00\",\"dateModified\":\"2026-04-28T14:33:00+00:00\",\"mainEntityOfPage\":{\"@id\":\"https:\/\/catedravargasllosa.org\/inicio\/index.php\/2026\/04\/25\/exposicion-inmersiva-el-viaje-de-vargas-llosa-como-el-mundo-se-vuelve-literatura-25-de-abril-de-2026\/\"},\"wordCount\":116,\"commentCount\":0,\"publisher\":{\"@id\":\"https:\/\/catedravargasllosa.org\/inicio\/#organization\"},\"image\":{\"@id\":\"https:\/\/catedravargasllosa.org\/inicio\/index.php\/2026\/04\/25\/exposicion-inmersiva-el-viaje-de-vargas-llosa-como-el-mundo-se-vuelve-literatura-25-de-abril-de-2026\/#primaryimage\"},\"thumbnailUrl\":\"https:\/\/catedravargasllosa.org\/inicio\/wp-content\/uploads\/2026\/04\/HG1yKQfbEAAFS5t.jpeg\",\"articleSection\":[\"Eventos\"],\"inLanguage\":\"es\",\"potentialAction\":[{\"@type\":\"CommentAction\",\"name\":\"Comment\",\"target\":[\"https:\/\/catedravargasllosa.org\/inicio\/index.php\/2026\/04\/25\/exposicion-inmersiva-el-viaje-de-vargas-llosa-como-el-mundo-se-vuelve-literatura-25-de-abril-de-2026\/#respond\"]}]},{\"@type\":\"WebPage\",\"@id\":\"https:\/\/catedravargasllosa.org\/inicio\/index.php\/2026\/04\/25\/exposicion-inmersiva-el-viaje-de-vargas-llosa-como-el-mundo-se-vuelve-literatura-25-de-abril-de-2026\/\",\"url\":\"https:\/\/catedravargasllosa.org\/inicio\/index.php\/2026\/04\/25\/exposicion-inmersiva-el-viaje-de-vargas-llosa-como-el-mundo-se-vuelve-literatura-25-de-abril-de-2026\/\",\"name\":\"Exposici\u00f3n inmersiva \\\"El viaje de Vargas Llosa: c\u00f3mo el mundo se vuelve literatura\\\" - 25 de abril de 2026 - C\u00e1tedra Vargas Llosa\",\"isPartOf\":{\"@id\":\"https:\/\/catedravargasllosa.org\/inicio\/#website\"},\"primaryImageOfPage\":{\"@id\":\"https:\/\/catedravargasllosa.org\/inicio\/index.php\/2026\/04\/25\/exposicion-inmersiva-el-viaje-de-vargas-llosa-como-el-mundo-se-vuelve-literatura-25-de-abril-de-2026\/#primaryimage\"},\"image\":{\"@id\":\"https:\/\/catedravargasllosa.org\/inicio\/index.php\/2026\/04\/25\/exposicion-inmersiva-el-viaje-de-vargas-llosa-como-el-mundo-se-vuelve-literatura-25-de-abril-de-2026\/#primaryimage\"},\"thumbnailUrl\":\"https:\/\/catedravargasllosa.org\/inicio\/wp-content\/uploads\/2026\/04\/HG1yKQfbEAAFS5t.jpeg\",\"datePublished\":\"2026-04-25T14:29:50+00:00\",\"dateModified\":\"2026-04-28T14:33:00+00:00\",\"breadcrumb\":{\"@id\":\"https:\/\/catedravargasllosa.org\/inicio\/index.php\/2026\/04\/25\/exposicion-inmersiva-el-viaje-de-vargas-llosa-como-el-mundo-se-vuelve-literatura-25-de-abril-de-2026\/#breadcrumb\"},\"inLanguage\":\"es\",\"potentialAction\":[{\"@type\":\"ReadAction\",\"target\":[\"https:\/\/catedravargasllosa.org\/inicio\/index.php\/2026\/04\/25\/exposicion-inmersiva-el-viaje-de-vargas-llosa-como-el-mundo-se-vuelve-literatura-25-de-abril-de-2026\/\"]}]},{\"@type\":\"ImageObject\",\"inLanguage\":\"es\",\"@id\":\"https:\/\/catedravargasllosa.org\/inicio\/index.php\/2026\/04\/25\/exposicion-inmersiva-el-viaje-de-vargas-llosa-como-el-mundo-se-vuelve-literatura-25-de-abril-de-2026\/#primaryimage\",\"url\":\"https:\/\/catedravargasllosa.org\/inicio\/wp-content\/uploads\/2026\/04\/HG1yKQfbEAAFS5t.jpeg\",\"contentUrl\":\"https:\/\/catedravargasllosa.org\/inicio\/wp-content\/uploads\/2026\/04\/HG1yKQfbEAAFS5t.jpeg\",\"width\":1280,\"height\":853},{\"@type\":\"BreadcrumbList\",\"@id\":\"https:\/\/catedravargasllosa.org\/inicio\/index.php\/2026\/04\/25\/exposicion-inmersiva-el-viaje-de-vargas-llosa-como-el-mundo-se-vuelve-literatura-25-de-abril-de-2026\/#breadcrumb\",\"itemListElement\":[{\"@type\":\"ListItem\",\"position\":1,\"name\":\"Portada\",\"item\":\"https:\/\/catedravargasllosa.org\/inicio\/\"},{\"@type\":\"ListItem\",\"position\":2,\"name\":\"Exposici\u00f3n inmersiva \u00abEl viaje de Vargas Llosa: c\u00f3mo el mundo se vuelve literatura\u00bb &#8211; 25 de abril de 2026\"}]},{\"@type\":\"WebSite\",\"@id\":\"https:\/\/catedravargasllosa.org\/inicio\/#website\",\"url\":\"https:\/\/catedravargasllosa.org\/inicio\/\",\"name\":\"C\u00e1tedra Vargas Llosa\",\"description\":\"Nuestro prop&oacute;sito es fomentar el estudio de la literatura contempor&aacute;nea\",\"publisher\":{\"@id\":\"https:\/\/catedravargasllosa.org\/inicio\/#organization\"},\"potentialAction\":[{\"@type\":\"SearchAction\",\"target\":{\"@type\":\"EntryPoint\",\"urlTemplate\":\"https:\/\/catedravargasllosa.org\/inicio\/?s={search_term_string}\"},\"query-input\":{\"@type\":\"PropertyValueSpecification\",\"valueRequired\":true,\"valueName\":\"search_term_string\"}}],\"inLanguage\":\"es\"},{\"@type\":\"Organization\",\"@id\":\"https:\/\/catedravargasllosa.org\/inicio\/#organization\",\"name\":\"C\u00e1tedra Vargas Llosa\",\"url\":\"https:\/\/catedravargasllosa.org\/inicio\/\",\"logo\":{\"@type\":\"ImageObject\",\"inLanguage\":\"es\",\"@id\":\"https:\/\/catedravargasllosa.org\/inicio\/#\/schema\/logo\/image\/\",\"url\":\"https:\/\/catedravargasllosa.org\/inicio\/wp-content\/uploads\/2024\/05\/cropped-logo-vargas-llosa-1.png\",\"contentUrl\":\"https:\/\/catedravargasllosa.org\/inicio\/wp-content\/uploads\/2024\/05\/cropped-logo-vargas-llosa-1.png\",\"width\":350,\"height\":100,\"caption\":\"C\u00e1tedra Vargas Llosa\"},\"image\":{\"@id\":\"https:\/\/catedravargasllosa.org\/inicio\/#\/schema\/logo\/image\/\"}},{\"@type\":\"Person\",\"@id\":\"https:\/\/catedravargasllosa.org\/inicio\/#\/schema\/person\/4e1d7c8d4832b652c6000893e764eeb2\",\"name\":\"smacias\",\"image\":{\"@type\":\"ImageObject\",\"inLanguage\":\"es\",\"@id\":\"https:\/\/catedravargasllosa.org\/inicio\/#\/schema\/person\/image\/\",\"url\":\"https:\/\/secure.gravatar.com\/avatar\/5a4a44341385c763a0bf5df01267c7f21cc5e0270d36e5697ddcf11fe57ac551?s=96&d=mm&r=g\",\"contentUrl\":\"https:\/\/secure.gravatar.com\/avatar\/5a4a44341385c763a0bf5df01267c7f21cc5e0270d36e5697ddcf11fe57ac551?s=96&d=mm&r=g\",\"caption\":\"smacias\"},\"url\":\"https:\/\/catedravargasllosa.org\/inicio\/index.php\/author\/smacias\/\"}]}<\/script>\n<!-- \/ Yoast SEO plugin. -->","yoast_head_json":{"title":"Exposici\u00f3n inmersiva \"El viaje de Vargas Llosa: c\u00f3mo el mundo se vuelve literatura\" - 25 de abril de 2026 - C\u00e1tedra Vargas Llosa","robots":{"index":"index","follow":"follow","max-snippet":"max-snippet:-1","max-image-preview":"max-image-preview:large","max-video-preview":"max-video-preview:-1"},"canonical":"https:\/\/catedravargasllosa.org\/inicio\/index.php\/2026\/04\/25\/exposicion-inmersiva-el-viaje-de-vargas-llosa-como-el-mundo-se-vuelve-literatura-25-de-abril-de-2026\/","og_locale":"es_ES","og_type":"article","og_title":"Exposici\u00f3n inmersiva \"El viaje de Vargas Llosa: c\u00f3mo el mundo se vuelve literatura\" - 25 de abril de 2026 - C\u00e1tedra Vargas Llosa","og_description":"En el marco de la\u00a0Feria Internacional del Libro de Buenos Aires, el Ministerio de Cultura y la Biblioteca Nacional del Per\u00fa inauguraron la exposici\u00f3n inmersiva\u00a0El viaje de Vargas Llosa: c\u00f3mo el mundo se vuelve literatura. La muestra presenta a\u00a0Mario Vargas Llosa\u00a0como un viajero y observador del mundo, cuya obra se nutre de las experiencias, culturas [&hellip;]","og_url":"https:\/\/catedravargasllosa.org\/inicio\/index.php\/2026\/04\/25\/exposicion-inmersiva-el-viaje-de-vargas-llosa-como-el-mundo-se-vuelve-literatura-25-de-abril-de-2026\/","og_site_name":"C\u00e1tedra Vargas Llosa","article_published_time":"2026-04-25T14:29:50+00:00","article_modified_time":"2026-04-28T14:33:00+00:00","og_image":[{"width":1280,"height":853,"url":"https:\/\/catedravargasllosa.org\/inicio\/wp-content\/uploads\/2026\/04\/HG1yKQfbEAAFS5t.jpeg","type":"image\/jpeg"}],"author":"smacias","twitter_card":"summary_large_image","twitter_misc":{"Escrito por":"smacias","Tiempo de lectura":"1 minuto"},"schema":{"@context":"https:\/\/schema.org","@graph":[{"@type":"Article","@id":"https:\/\/catedravargasllosa.org\/inicio\/index.php\/2026\/04\/25\/exposicion-inmersiva-el-viaje-de-vargas-llosa-como-el-mundo-se-vuelve-literatura-25-de-abril-de-2026\/#article","isPartOf":{"@id":"https:\/\/catedravargasllosa.org\/inicio\/index.php\/2026\/04\/25\/exposicion-inmersiva-el-viaje-de-vargas-llosa-como-el-mundo-se-vuelve-literatura-25-de-abril-de-2026\/"},"author":{"name":"smacias","@id":"https:\/\/catedravargasllosa.org\/inicio\/#\/schema\/person\/4e1d7c8d4832b652c6000893e764eeb2"},"headline":"Exposici\u00f3n inmersiva \u00abEl viaje de Vargas Llosa: c\u00f3mo el mundo se vuelve literatura\u00bb &#8211; 25 de abril de 2026","datePublished":"2026-04-25T14:29:50+00:00","dateModified":"2026-04-28T14:33:00+00:00","mainEntityOfPage":{"@id":"https:\/\/catedravargasllosa.org\/inicio\/index.php\/2026\/04\/25\/exposicion-inmersiva-el-viaje-de-vargas-llosa-como-el-mundo-se-vuelve-literatura-25-de-abril-de-2026\/"},"wordCount":116,"commentCount":0,"publisher":{"@id":"https:\/\/catedravargasllosa.org\/inicio\/#organization"},"image":{"@id":"https:\/\/catedravargasllosa.org\/inicio\/index.php\/2026\/04\/25\/exposicion-inmersiva-el-viaje-de-vargas-llosa-como-el-mundo-se-vuelve-literatura-25-de-abril-de-2026\/#primaryimage"},"thumbnailUrl":"https:\/\/catedravargasllosa.org\/inicio\/wp-content\/uploads\/2026\/04\/HG1yKQfbEAAFS5t.jpeg","articleSection":["Eventos"],"inLanguage":"es","potentialAction":[{"@type":"CommentAction","name":"Comment","target":["https:\/\/catedravargasllosa.org\/inicio\/index.php\/2026\/04\/25\/exposicion-inmersiva-el-viaje-de-vargas-llosa-como-el-mundo-se-vuelve-literatura-25-de-abril-de-2026\/#respond"]}]},{"@type":"WebPage","@id":"https:\/\/catedravargasllosa.org\/inicio\/index.php\/2026\/04\/25\/exposicion-inmersiva-el-viaje-de-vargas-llosa-como-el-mundo-se-vuelve-literatura-25-de-abril-de-2026\/","url":"https:\/\/catedravargasllosa.org\/inicio\/index.php\/2026\/04\/25\/exposicion-inmersiva-el-viaje-de-vargas-llosa-como-el-mundo-se-vuelve-literatura-25-de-abril-de-2026\/","name":"Exposici\u00f3n inmersiva \"El viaje de Vargas Llosa: c\u00f3mo el mundo se vuelve literatura\" - 25 de abril de 2026 - C\u00e1tedra Vargas Llosa","isPartOf":{"@id":"https:\/\/catedravargasllosa.org\/inicio\/#website"},"primaryImageOfPage":{"@id":"https:\/\/catedravargasllosa.org\/inicio\/index.php\/2026\/04\/25\/exposicion-inmersiva-el-viaje-de-vargas-llosa-como-el-mundo-se-vuelve-literatura-25-de-abril-de-2026\/#primaryimage"},"image":{"@id":"https:\/\/catedravargasllosa.org\/inicio\/index.php\/2026\/04\/25\/exposicion-inmersiva-el-viaje-de-vargas-llosa-como-el-mundo-se-vuelve-literatura-25-de-abril-de-2026\/#primaryimage"},"thumbnailUrl":"https:\/\/catedravargasllosa.org\/inicio\/wp-content\/uploads\/2026\/04\/HG1yKQfbEAAFS5t.jpeg","datePublished":"2026-04-25T14:29:50+00:00","dateModified":"2026-04-28T14:33:00+00:00","breadcrumb":{"@id":"https:\/\/catedravargasllosa.org\/inicio\/index.php\/2026\/04\/25\/exposicion-inmersiva-el-viaje-de-vargas-llosa-como-el-mundo-se-vuelve-literatura-25-de-abril-de-2026\/#breadcrumb"},"inLanguage":"es","potentialAction":[{"@type":"ReadAction","target":["https:\/\/catedravargasllosa.org\/inicio\/index.php\/2026\/04\/25\/exposicion-inmersiva-el-viaje-de-vargas-llosa-como-el-mundo-se-vuelve-literatura-25-de-abril-de-2026\/"]}]},{"@type":"ImageObject","inLanguage":"es","@id":"https:\/\/catedravargasllosa.org\/inicio\/index.php\/2026\/04\/25\/exposicion-inmersiva-el-viaje-de-vargas-llosa-como-el-mundo-se-vuelve-literatura-25-de-abril-de-2026\/#primaryimage","url":"https:\/\/catedravargasllosa.org\/inicio\/wp-content\/uploads\/2026\/04\/HG1yKQfbEAAFS5t.jpeg","contentUrl":"https:\/\/catedravargasllosa.org\/inicio\/wp-content\/uploads\/2026\/04\/HG1yKQfbEAAFS5t.jpeg","width":1280,"height":853},{"@type":"BreadcrumbList","@id":"https:\/\/catedravargasllosa.org\/inicio\/index.php\/2026\/04\/25\/exposicion-inmersiva-el-viaje-de-vargas-llosa-como-el-mundo-se-vuelve-literatura-25-de-abril-de-2026\/#breadcrumb","itemListElement":[{"@type":"ListItem","position":1,"name":"Portada","item":"https:\/\/catedravargasllosa.org\/inicio\/"},{"@type":"ListItem","position":2,"name":"Exposici\u00f3n inmersiva \u00abEl viaje de Vargas Llosa: c\u00f3mo el mundo se vuelve literatura\u00bb &#8211; 25 de abril de 2026"}]},{"@type":"WebSite","@id":"https:\/\/catedravargasllosa.org\/inicio\/#website","url":"https:\/\/catedravargasllosa.org\/inicio\/","name":"C\u00e1tedra Vargas Llosa","description":"Nuestro prop&oacute;sito es fomentar el estudio de la literatura contempor&aacute;nea","publisher":{"@id":"https:\/\/catedravargasllosa.org\/inicio\/#organization"},"potentialAction":[{"@type":"SearchAction","target":{"@type":"EntryPoint","urlTemplate":"https:\/\/catedravargasllosa.org\/inicio\/?s={search_term_string}"},"query-input":{"@type":"PropertyValueSpecification","valueRequired":true,"valueName":"search_term_string"}}],"inLanguage":"es"},{"@type":"Organization","@id":"https:\/\/catedravargasllosa.org\/inicio\/#organization","name":"C\u00e1tedra Vargas Llosa","url":"https:\/\/catedravargasllosa.org\/inicio\/","logo":{"@type":"ImageObject","inLanguage":"es","@id":"https:\/\/catedravargasllosa.org\/inicio\/#\/schema\/logo\/image\/","url":"https:\/\/catedravargasllosa.org\/inicio\/wp-content\/uploads\/2024\/05\/cropped-logo-vargas-llosa-1.png","contentUrl":"https:\/\/catedravargasllosa.org\/inicio\/wp-content\/uploads\/2024\/05\/cropped-logo-vargas-llosa-1.png","width":350,"height":100,"caption":"C\u00e1tedra Vargas Llosa"},"image":{"@id":"https:\/\/catedravargasllosa.org\/inicio\/#\/schema\/logo\/image\/"}},{"@type":"Person","@id":"https:\/\/catedravargasllosa.org\/inicio\/#\/schema\/person\/4e1d7c8d4832b652c6000893e764eeb2","name":"smacias","image":{"@type":"ImageObject","inLanguage":"es","@id":"https:\/\/catedravargasllosa.org\/inicio\/#\/schema\/person\/image\/","url":"https:\/\/secure.gravatar.com\/avatar\/5a4a44341385c763a0bf5df01267c7f21cc5e0270d36e5697ddcf11fe57ac551?s=96&d=mm&r=g","contentUrl":"https:\/\/secure.gravatar.com\/avatar\/5a4a44341385c763a0bf5df01267c7f21cc5e0270d36e5697ddcf11fe57ac551?s=96&d=mm&r=g","caption":"smacias"},"url":"https:\/\/catedravargasllosa.org\/inicio\/index.php\/author\/smacias\/"}]}},"_links":{"self":[{"href":"https:\/\/catedravargasllosa.org\/inicio\/index.php\/wp-json\/wp\/v2\/posts\/4551","targetHints":{"allow":["GET"]}}],"collection":[{"href":"https:\/\/catedravargasllosa.org\/inicio\/index.php\/wp-json\/wp\/v2\/posts"}],"about":[{"href":"https:\/\/catedravargasllosa.org\/inicio\/index.php\/wp-json\/wp\/v2\/types\/post"}],"author":[{"embeddable":true,"href":"https:\/\/catedravargasllosa.org\/inicio\/index.php\/wp-json\/wp\/v2\/users\/3"}],"replies":[{"embeddable":true,"href":"https:\/\/catedravargasllosa.org\/inicio\/index.php\/wp-json\/wp\/v2\/comments?post=4551"}],"version-history":[{"count":4,"href":"https:\/\/catedravargasllosa.org\/inicio\/index.php\/wp-json\/wp\/v2\/posts\/4551\/revisions"}],"predecessor-version":[{"id":4557,"href":"https:\/\/catedravargasllosa.org\/inicio\/index.php\/wp-json\/wp\/v2\/posts\/4551\/revisions\/4557"}],"wp:featuredmedia":[{"embeddable":true,"href":"https:\/\/catedravargasllosa.org\/inicio\/index.php\/wp-json\/wp\/v2\/media\/4552"}],"wp:attachment":[{"href":"https:\/\/catedravargasllosa.org\/inicio\/index.php\/wp-json\/wp\/v2\/media?parent=4551"}],"wp:term":[{"taxonomy":"category","embeddable":true,"href":"https:\/\/catedravargasllosa.org\/inicio\/index.php\/wp-json\/wp\/v2\/categories?post=4551"},{"taxonomy":"post_tag","embeddable":true,"href":"https:\/\/catedravargasllosa.org\/inicio\/index.php\/wp-json\/wp\/v2\/tags?post=4551"}],"curies":[{"name":"wp","href":"https:\/\/api.w.org\/{rel}","templated":true}]}}