{"id":4537,"date":"2026-04-28T14:07:25","date_gmt":"2026-04-28T14:07:25","guid":{"rendered":"https:\/\/catedravargasllosa.org\/inicio\/?p=4537"},"modified":"2026-04-28T14:09:16","modified_gmt":"2026-04-28T14:09:16","slug":"iv-edicion-del-concurso-literario-plumas-pioneras-narrativas-de-futuro-faro-udd-hasta-el-28-de-mayo-de-2026","status":"publish","type":"post","link":"https:\/\/catedravargasllosa.org\/inicio\/index.php\/2026\/04\/28\/iv-edicion-del-concurso-literario-plumas-pioneras-narrativas-de-futuro-faro-udd-hasta-el-28-de-mayo-de-2026\/","title":{"rendered":"IV edici\u00f3n del concurso literario\u00a0Plumas Pioneras, Narrativas de Futuro (Faro UDD) &#8211; Hasta el 28 de agosto de 2026"},"content":{"rendered":"\t\t<div data-elementor-type=\"wp-post\" data-elementor-id=\"4537\" class=\"elementor elementor-4537\" data-elementor-post-type=\"post\">\n\t\t\t\t<div class=\"elementor-element elementor-element-dbbfa68 e-flex e-con-boxed e-con e-parent\" data-id=\"dbbfa68\" data-element_type=\"container\">\n\t\t\t\t\t<div class=\"e-con-inner\">\n\t\t\t\t<div class=\"elementor-element elementor-element-5a6ebd9 elementor-widget elementor-widget-text-editor\" data-id=\"5a6ebd9\" data-element_type=\"widget\" data-widget_type=\"text-editor.default\">\n\t\t\t\t\t\t\t\t\t<p data-end=\"228\" data-start=\"0\">Se convoca a estudiantes de ense\u00f1anza media de todo Chile y a alumnos de la UDD a participar en la cuarta edici\u00f3n del concurso literario\u00a0<em data-end=\"176\" data-start=\"137\">Plumas Pioneras, Narrativas de Futuro<\/em>, organizado por Faro UDD y la C\u00e1tedra Vargas Llosa.<\/p><p data-end=\"448\" data-start=\"230\">El certamen, centrado en el cuento breve, tendr\u00e1 como tem\u00e1tica este a\u00f1o el terror. Las postulaciones estar\u00e1n abiertas hasta el 28 de agosto de 2026 y se valorar\u00e1n la creatividad, la calidad narrativa y la originalidad.<\/p><p data-end=\"544\" data-is-last-node=\"\" data-is-only-node=\"\" data-start=\"450\">Una iniciativa que busca fomentar la escritura y promover nuevas voces en el \u00e1mbito literario.<br \/><br \/>Haga clic <a href=\"https:\/\/faro.udd.cl\/concurso-plumas-pioneras-narrativas-de-futuro\/\" target=\"_blank\" rel=\"noopener\">aqu\u00ed<\/a> para m\u00e1s informaci\u00f3n.\u00a0<\/p>\t\t\t\t\t\t\t\t<\/div>\n\t\t\t\t\t<\/div>\n\t\t\t\t<\/div>\n\t\t<div class=\"elementor-element elementor-element-c018f11 e-flex e-con-boxed e-con e-parent\" data-id=\"c018f11\" data-element_type=\"container\">\n\t\t\t\t\t<div class=\"e-con-inner\">\n\t\t\t\t<div class=\"elementor-element elementor-element-1802eba elementor-widget elementor-widget-image\" data-id=\"1802eba\" data-element_type=\"widget\" data-widget_type=\"image.default\">\n\t\t\t\t\t\t\t\t\t\t\t\t\t\t\t<img fetchpriority=\"high\" decoding=\"async\" width=\"1433\" height=\"2048\" src=\"https:\/\/catedravargasllosa.org\/inicio\/wp-content\/uploads\/2026\/04\/plumaspioneras2026-1433x2048-1.jpeg\" class=\"attachment-full size-full wp-image-4538\" alt=\"\" srcset=\"https:\/\/catedravargasllosa.org\/inicio\/wp-content\/uploads\/2026\/04\/plumaspioneras2026-1433x2048-1.jpeg 1433w, https:\/\/catedravargasllosa.org\/inicio\/wp-content\/uploads\/2026\/04\/plumaspioneras2026-1433x2048-1-210x300.jpeg 210w, https:\/\/catedravargasllosa.org\/inicio\/wp-content\/uploads\/2026\/04\/plumaspioneras2026-1433x2048-1-717x1024.jpeg 717w, https:\/\/catedravargasllosa.org\/inicio\/wp-content\/uploads\/2026\/04\/plumaspioneras2026-1433x2048-1-768x1098.jpeg 768w, https:\/\/catedravargasllosa.org\/inicio\/wp-content\/uploads\/2026\/04\/plumaspioneras2026-1433x2048-1-1075x1536.jpeg 1075w\" sizes=\"(max-width: 1433px) 100vw, 1433px\" \/>\t\t\t\t\t\t\t\t\t\t\t\t\t\t\t<\/div>\n\t\t\t\t\t<\/div>\n\t\t\t\t<\/div>\n\t\t\t\t<\/div>\n\t\t","protected":false},"excerpt":{"rendered":"<p>Se convoca a estudiantes de ense\u00f1anza media de todo Chile y a alumnos de la UDD a participar en la cuarta edici\u00f3n del concurso literario\u00a0Plumas Pioneras, Narrativas de Futuro, organizado por Faro UDD y la C\u00e1tedra Vargas Llosa. El certamen, centrado en el cuento breve, tendr\u00e1 como tem\u00e1tica este a\u00f1o el terror. Las postulaciones estar\u00e1n [&hellip;]<\/p>\n","protected":false},"author":3,"featured_media":4538,"comment_status":"open","ping_status":"closed","sticky":false,"template":"","format":"standard","meta":{"_acf_changed":false,"footnotes":""},"categories":[21],"tags":[12],"class_list":["post-4537","post","type-post","status-publish","format-standard","has-post-thumbnail","hentry","category-actividades-universidades","tag-ultimaentrada"],"acf":[],"yoast_head":"<!-- This site is optimized with the Yoast SEO plugin v25.0 - https:\/\/yoast.com\/wordpress\/plugins\/seo\/ -->\n<title>IV edici\u00f3n del concurso literario\u00a0Plumas Pioneras, Narrativas de Futuro (Faro UDD) - Hasta el 28 de agosto de 2026 - C\u00e1tedra Vargas Llosa<\/title>\n<meta name=\"robots\" content=\"index, follow, max-snippet:-1, max-image-preview:large, max-video-preview:-1\" \/>\n<link rel=\"canonical\" href=\"https:\/\/catedravargasllosa.org\/inicio\/index.php\/2026\/04\/28\/iv-edicion-del-concurso-literario-plumas-pioneras-narrativas-de-futuro-faro-udd-hasta-el-28-de-mayo-de-2026\/\" \/>\n<meta property=\"og:locale\" content=\"es_ES\" \/>\n<meta property=\"og:type\" content=\"article\" \/>\n<meta property=\"og:title\" content=\"IV edici\u00f3n del concurso literario\u00a0Plumas Pioneras, Narrativas de Futuro (Faro UDD) - Hasta el 28 de agosto de 2026 - C\u00e1tedra Vargas Llosa\" \/>\n<meta property=\"og:description\" content=\"Se convoca a estudiantes de ense\u00f1anza media de todo Chile y a alumnos de la UDD a participar en la cuarta edici\u00f3n del concurso literario\u00a0Plumas Pioneras, Narrativas de Futuro, organizado por Faro UDD y la C\u00e1tedra Vargas Llosa. El certamen, centrado en el cuento breve, tendr\u00e1 como tem\u00e1tica este a\u00f1o el terror. Las postulaciones estar\u00e1n [&hellip;]\" \/>\n<meta property=\"og:url\" content=\"https:\/\/catedravargasllosa.org\/inicio\/index.php\/2026\/04\/28\/iv-edicion-del-concurso-literario-plumas-pioneras-narrativas-de-futuro-faro-udd-hasta-el-28-de-mayo-de-2026\/\" \/>\n<meta property=\"og:site_name\" content=\"C\u00e1tedra Vargas Llosa\" \/>\n<meta property=\"article:published_time\" content=\"2026-04-28T14:07:25+00:00\" \/>\n<meta property=\"article:modified_time\" content=\"2026-04-28T14:09:16+00:00\" \/>\n<meta property=\"og:image\" content=\"https:\/\/catedravargasllosa.org\/inicio\/wp-content\/uploads\/2026\/04\/plumaspioneras2026-1433x2048-1.jpeg\" \/>\n\t<meta property=\"og:image:width\" content=\"1433\" \/>\n\t<meta property=\"og:image:height\" content=\"2048\" \/>\n\t<meta property=\"og:image:type\" content=\"image\/jpeg\" \/>\n<meta name=\"author\" content=\"smacias\" \/>\n<meta name=\"twitter:card\" content=\"summary_large_image\" \/>\n<meta name=\"twitter:label1\" content=\"Escrito por\" \/>\n\t<meta name=\"twitter:data1\" content=\"smacias\" \/>\n\t<meta name=\"twitter:label2\" content=\"Tiempo de lectura\" \/>\n\t<meta name=\"twitter:data2\" content=\"1 minuto\" \/>\n<script type=\"application\/ld+json\" class=\"yoast-schema-graph\">{\"@context\":\"https:\/\/schema.org\",\"@graph\":[{\"@type\":\"Article\",\"@id\":\"https:\/\/catedravargasllosa.org\/inicio\/index.php\/2026\/04\/28\/iv-edicion-del-concurso-literario-plumas-pioneras-narrativas-de-futuro-faro-udd-hasta-el-28-de-mayo-de-2026\/#article\",\"isPartOf\":{\"@id\":\"https:\/\/catedravargasllosa.org\/inicio\/index.php\/2026\/04\/28\/iv-edicion-del-concurso-literario-plumas-pioneras-narrativas-de-futuro-faro-udd-hasta-el-28-de-mayo-de-2026\/\"},\"author\":{\"name\":\"smacias\",\"@id\":\"https:\/\/catedravargasllosa.org\/inicio\/#\/schema\/person\/4e1d7c8d4832b652c6000893e764eeb2\"},\"headline\":\"IV edici\u00f3n del concurso literario\u00a0Plumas Pioneras, Narrativas de Futuro (Faro UDD) &#8211; Hasta el 28 de agosto de 2026\",\"datePublished\":\"2026-04-28T14:07:25+00:00\",\"dateModified\":\"2026-04-28T14:09:16+00:00\",\"mainEntityOfPage\":{\"@id\":\"https:\/\/catedravargasllosa.org\/inicio\/index.php\/2026\/04\/28\/iv-edicion-del-concurso-literario-plumas-pioneras-narrativas-de-futuro-faro-udd-hasta-el-28-de-mayo-de-2026\/\"},\"wordCount\":122,\"commentCount\":0,\"publisher\":{\"@id\":\"https:\/\/catedravargasllosa.org\/inicio\/#organization\"},\"image\":{\"@id\":\"https:\/\/catedravargasllosa.org\/inicio\/index.php\/2026\/04\/28\/iv-edicion-del-concurso-literario-plumas-pioneras-narrativas-de-futuro-faro-udd-hasta-el-28-de-mayo-de-2026\/#primaryimage\"},\"thumbnailUrl\":\"https:\/\/catedravargasllosa.org\/inicio\/wp-content\/uploads\/2026\/04\/plumaspioneras2026-1433x2048-1.jpeg\",\"keywords\":[\"UltimaEntrada\"],\"articleSection\":[\"Actividades Universidades\"],\"inLanguage\":\"es\",\"potentialAction\":[{\"@type\":\"CommentAction\",\"name\":\"Comment\",\"target\":[\"https:\/\/catedravargasllosa.org\/inicio\/index.php\/2026\/04\/28\/iv-edicion-del-concurso-literario-plumas-pioneras-narrativas-de-futuro-faro-udd-hasta-el-28-de-mayo-de-2026\/#respond\"]}]},{\"@type\":\"WebPage\",\"@id\":\"https:\/\/catedravargasllosa.org\/inicio\/index.php\/2026\/04\/28\/iv-edicion-del-concurso-literario-plumas-pioneras-narrativas-de-futuro-faro-udd-hasta-el-28-de-mayo-de-2026\/\",\"url\":\"https:\/\/catedravargasllosa.org\/inicio\/index.php\/2026\/04\/28\/iv-edicion-del-concurso-literario-plumas-pioneras-narrativas-de-futuro-faro-udd-hasta-el-28-de-mayo-de-2026\/\",\"name\":\"IV edici\u00f3n del concurso literario\u00a0Plumas Pioneras, Narrativas de Futuro (Faro UDD) - Hasta el 28 de agosto de 2026 - C\u00e1tedra Vargas Llosa\",\"isPartOf\":{\"@id\":\"https:\/\/catedravargasllosa.org\/inicio\/#website\"},\"primaryImageOfPage\":{\"@id\":\"https:\/\/catedravargasllosa.org\/inicio\/index.php\/2026\/04\/28\/iv-edicion-del-concurso-literario-plumas-pioneras-narrativas-de-futuro-faro-udd-hasta-el-28-de-mayo-de-2026\/#primaryimage\"},\"image\":{\"@id\":\"https:\/\/catedravargasllosa.org\/inicio\/index.php\/2026\/04\/28\/iv-edicion-del-concurso-literario-plumas-pioneras-narrativas-de-futuro-faro-udd-hasta-el-28-de-mayo-de-2026\/#primaryimage\"},\"thumbnailUrl\":\"https:\/\/catedravargasllosa.org\/inicio\/wp-content\/uploads\/2026\/04\/plumaspioneras2026-1433x2048-1.jpeg\",\"datePublished\":\"2026-04-28T14:07:25+00:00\",\"dateModified\":\"2026-04-28T14:09:16+00:00\",\"breadcrumb\":{\"@id\":\"https:\/\/catedravargasllosa.org\/inicio\/index.php\/2026\/04\/28\/iv-edicion-del-concurso-literario-plumas-pioneras-narrativas-de-futuro-faro-udd-hasta-el-28-de-mayo-de-2026\/#breadcrumb\"},\"inLanguage\":\"es\",\"potentialAction\":[{\"@type\":\"ReadAction\",\"target\":[\"https:\/\/catedravargasllosa.org\/inicio\/index.php\/2026\/04\/28\/iv-edicion-del-concurso-literario-plumas-pioneras-narrativas-de-futuro-faro-udd-hasta-el-28-de-mayo-de-2026\/\"]}]},{\"@type\":\"ImageObject\",\"inLanguage\":\"es\",\"@id\":\"https:\/\/catedravargasllosa.org\/inicio\/index.php\/2026\/04\/28\/iv-edicion-del-concurso-literario-plumas-pioneras-narrativas-de-futuro-faro-udd-hasta-el-28-de-mayo-de-2026\/#primaryimage\",\"url\":\"https:\/\/catedravargasllosa.org\/inicio\/wp-content\/uploads\/2026\/04\/plumaspioneras2026-1433x2048-1.jpeg\",\"contentUrl\":\"https:\/\/catedravargasllosa.org\/inicio\/wp-content\/uploads\/2026\/04\/plumaspioneras2026-1433x2048-1.jpeg\",\"width\":1433,\"height\":2048},{\"@type\":\"BreadcrumbList\",\"@id\":\"https:\/\/catedravargasllosa.org\/inicio\/index.php\/2026\/04\/28\/iv-edicion-del-concurso-literario-plumas-pioneras-narrativas-de-futuro-faro-udd-hasta-el-28-de-mayo-de-2026\/#breadcrumb\",\"itemListElement\":[{\"@type\":\"ListItem\",\"position\":1,\"name\":\"Portada\",\"item\":\"https:\/\/catedravargasllosa.org\/inicio\/\"},{\"@type\":\"ListItem\",\"position\":2,\"name\":\"IV edici\u00f3n del concurso literario\u00a0Plumas Pioneras, Narrativas de Futuro (Faro UDD) &#8211; Hasta el 28 de agosto de 2026\"}]},{\"@type\":\"WebSite\",\"@id\":\"https:\/\/catedravargasllosa.org\/inicio\/#website\",\"url\":\"https:\/\/catedravargasllosa.org\/inicio\/\",\"name\":\"C\u00e1tedra Vargas Llosa\",\"description\":\"Nuestro prop&oacute;sito es fomentar el estudio de la literatura contempor&aacute;nea\",\"publisher\":{\"@id\":\"https:\/\/catedravargasllosa.org\/inicio\/#organization\"},\"potentialAction\":[{\"@type\":\"SearchAction\",\"target\":{\"@type\":\"EntryPoint\",\"urlTemplate\":\"https:\/\/catedravargasllosa.org\/inicio\/?s={search_term_string}\"},\"query-input\":{\"@type\":\"PropertyValueSpecification\",\"valueRequired\":true,\"valueName\":\"search_term_string\"}}],\"inLanguage\":\"es\"},{\"@type\":\"Organization\",\"@id\":\"https:\/\/catedravargasllosa.org\/inicio\/#organization\",\"name\":\"C\u00e1tedra Vargas Llosa\",\"url\":\"https:\/\/catedravargasllosa.org\/inicio\/\",\"logo\":{\"@type\":\"ImageObject\",\"inLanguage\":\"es\",\"@id\":\"https:\/\/catedravargasllosa.org\/inicio\/#\/schema\/logo\/image\/\",\"url\":\"https:\/\/catedravargasllosa.org\/inicio\/wp-content\/uploads\/2024\/05\/cropped-logo-vargas-llosa-1.png\",\"contentUrl\":\"https:\/\/catedravargasllosa.org\/inicio\/wp-content\/uploads\/2024\/05\/cropped-logo-vargas-llosa-1.png\",\"width\":350,\"height\":100,\"caption\":\"C\u00e1tedra Vargas Llosa\"},\"image\":{\"@id\":\"https:\/\/catedravargasllosa.org\/inicio\/#\/schema\/logo\/image\/\"}},{\"@type\":\"Person\",\"@id\":\"https:\/\/catedravargasllosa.org\/inicio\/#\/schema\/person\/4e1d7c8d4832b652c6000893e764eeb2\",\"name\":\"smacias\",\"image\":{\"@type\":\"ImageObject\",\"inLanguage\":\"es\",\"@id\":\"https:\/\/catedravargasllosa.org\/inicio\/#\/schema\/person\/image\/\",\"url\":\"https:\/\/secure.gravatar.com\/avatar\/5a4a44341385c763a0bf5df01267c7f21cc5e0270d36e5697ddcf11fe57ac551?s=96&d=mm&r=g\",\"contentUrl\":\"https:\/\/secure.gravatar.com\/avatar\/5a4a44341385c763a0bf5df01267c7f21cc5e0270d36e5697ddcf11fe57ac551?s=96&d=mm&r=g\",\"caption\":\"smacias\"},\"url\":\"https:\/\/catedravargasllosa.org\/inicio\/index.php\/author\/smacias\/\"}]}<\/script>\n<!-- \/ Yoast SEO plugin. -->","yoast_head_json":{"title":"IV edici\u00f3n del concurso literario\u00a0Plumas Pioneras, Narrativas de Futuro (Faro UDD) - Hasta el 28 de agosto de 2026 - C\u00e1tedra Vargas Llosa","robots":{"index":"index","follow":"follow","max-snippet":"max-snippet:-1","max-image-preview":"max-image-preview:large","max-video-preview":"max-video-preview:-1"},"canonical":"https:\/\/catedravargasllosa.org\/inicio\/index.php\/2026\/04\/28\/iv-edicion-del-concurso-literario-plumas-pioneras-narrativas-de-futuro-faro-udd-hasta-el-28-de-mayo-de-2026\/","og_locale":"es_ES","og_type":"article","og_title":"IV edici\u00f3n del concurso literario\u00a0Plumas Pioneras, Narrativas de Futuro (Faro UDD) - Hasta el 28 de agosto de 2026 - C\u00e1tedra Vargas Llosa","og_description":"Se convoca a estudiantes de ense\u00f1anza media de todo Chile y a alumnos de la UDD a participar en la cuarta edici\u00f3n del concurso literario\u00a0Plumas Pioneras, Narrativas de Futuro, organizado por Faro UDD y la C\u00e1tedra Vargas Llosa. El certamen, centrado en el cuento breve, tendr\u00e1 como tem\u00e1tica este a\u00f1o el terror. Las postulaciones estar\u00e1n [&hellip;]","og_url":"https:\/\/catedravargasllosa.org\/inicio\/index.php\/2026\/04\/28\/iv-edicion-del-concurso-literario-plumas-pioneras-narrativas-de-futuro-faro-udd-hasta-el-28-de-mayo-de-2026\/","og_site_name":"C\u00e1tedra Vargas Llosa","article_published_time":"2026-04-28T14:07:25+00:00","article_modified_time":"2026-04-28T14:09:16+00:00","og_image":[{"width":1433,"height":2048,"url":"https:\/\/catedravargasllosa.org\/inicio\/wp-content\/uploads\/2026\/04\/plumaspioneras2026-1433x2048-1.jpeg","type":"image\/jpeg"}],"author":"smacias","twitter_card":"summary_large_image","twitter_misc":{"Escrito por":"smacias","Tiempo de lectura":"1 minuto"},"schema":{"@context":"https:\/\/schema.org","@graph":[{"@type":"Article","@id":"https:\/\/catedravargasllosa.org\/inicio\/index.php\/2026\/04\/28\/iv-edicion-del-concurso-literario-plumas-pioneras-narrativas-de-futuro-faro-udd-hasta-el-28-de-mayo-de-2026\/#article","isPartOf":{"@id":"https:\/\/catedravargasllosa.org\/inicio\/index.php\/2026\/04\/28\/iv-edicion-del-concurso-literario-plumas-pioneras-narrativas-de-futuro-faro-udd-hasta-el-28-de-mayo-de-2026\/"},"author":{"name":"smacias","@id":"https:\/\/catedravargasllosa.org\/inicio\/#\/schema\/person\/4e1d7c8d4832b652c6000893e764eeb2"},"headline":"IV edici\u00f3n del concurso literario\u00a0Plumas Pioneras, Narrativas de Futuro (Faro UDD) &#8211; Hasta el 28 de agosto de 2026","datePublished":"2026-04-28T14:07:25+00:00","dateModified":"2026-04-28T14:09:16+00:00","mainEntityOfPage":{"@id":"https:\/\/catedravargasllosa.org\/inicio\/index.php\/2026\/04\/28\/iv-edicion-del-concurso-literario-plumas-pioneras-narrativas-de-futuro-faro-udd-hasta-el-28-de-mayo-de-2026\/"},"wordCount":122,"commentCount":0,"publisher":{"@id":"https:\/\/catedravargasllosa.org\/inicio\/#organization"},"image":{"@id":"https:\/\/catedravargasllosa.org\/inicio\/index.php\/2026\/04\/28\/iv-edicion-del-concurso-literario-plumas-pioneras-narrativas-de-futuro-faro-udd-hasta-el-28-de-mayo-de-2026\/#primaryimage"},"thumbnailUrl":"https:\/\/catedravargasllosa.org\/inicio\/wp-content\/uploads\/2026\/04\/plumaspioneras2026-1433x2048-1.jpeg","keywords":["UltimaEntrada"],"articleSection":["Actividades Universidades"],"inLanguage":"es","potentialAction":[{"@type":"CommentAction","name":"Comment","target":["https:\/\/catedravargasllosa.org\/inicio\/index.php\/2026\/04\/28\/iv-edicion-del-concurso-literario-plumas-pioneras-narrativas-de-futuro-faro-udd-hasta-el-28-de-mayo-de-2026\/#respond"]}]},{"@type":"WebPage","@id":"https:\/\/catedravargasllosa.org\/inicio\/index.php\/2026\/04\/28\/iv-edicion-del-concurso-literario-plumas-pioneras-narrativas-de-futuro-faro-udd-hasta-el-28-de-mayo-de-2026\/","url":"https:\/\/catedravargasllosa.org\/inicio\/index.php\/2026\/04\/28\/iv-edicion-del-concurso-literario-plumas-pioneras-narrativas-de-futuro-faro-udd-hasta-el-28-de-mayo-de-2026\/","name":"IV edici\u00f3n del concurso literario\u00a0Plumas Pioneras, Narrativas de Futuro (Faro UDD) - Hasta el 28 de agosto de 2026 - C\u00e1tedra Vargas Llosa","isPartOf":{"@id":"https:\/\/catedravargasllosa.org\/inicio\/#website"},"primaryImageOfPage":{"@id":"https:\/\/catedravargasllosa.org\/inicio\/index.php\/2026\/04\/28\/iv-edicion-del-concurso-literario-plumas-pioneras-narrativas-de-futuro-faro-udd-hasta-el-28-de-mayo-de-2026\/#primaryimage"},"image":{"@id":"https:\/\/catedravargasllosa.org\/inicio\/index.php\/2026\/04\/28\/iv-edicion-del-concurso-literario-plumas-pioneras-narrativas-de-futuro-faro-udd-hasta-el-28-de-mayo-de-2026\/#primaryimage"},"thumbnailUrl":"https:\/\/catedravargasllosa.org\/inicio\/wp-content\/uploads\/2026\/04\/plumaspioneras2026-1433x2048-1.jpeg","datePublished":"2026-04-28T14:07:25+00:00","dateModified":"2026-04-28T14:09:16+00:00","breadcrumb":{"@id":"https:\/\/catedravargasllosa.org\/inicio\/index.php\/2026\/04\/28\/iv-edicion-del-concurso-literario-plumas-pioneras-narrativas-de-futuro-faro-udd-hasta-el-28-de-mayo-de-2026\/#breadcrumb"},"inLanguage":"es","potentialAction":[{"@type":"ReadAction","target":["https:\/\/catedravargasllosa.org\/inicio\/index.php\/2026\/04\/28\/iv-edicion-del-concurso-literario-plumas-pioneras-narrativas-de-futuro-faro-udd-hasta-el-28-de-mayo-de-2026\/"]}]},{"@type":"ImageObject","inLanguage":"es","@id":"https:\/\/catedravargasllosa.org\/inicio\/index.php\/2026\/04\/28\/iv-edicion-del-concurso-literario-plumas-pioneras-narrativas-de-futuro-faro-udd-hasta-el-28-de-mayo-de-2026\/#primaryimage","url":"https:\/\/catedravargasllosa.org\/inicio\/wp-content\/uploads\/2026\/04\/plumaspioneras2026-1433x2048-1.jpeg","contentUrl":"https:\/\/catedravargasllosa.org\/inicio\/wp-content\/uploads\/2026\/04\/plumaspioneras2026-1433x2048-1.jpeg","width":1433,"height":2048},{"@type":"BreadcrumbList","@id":"https:\/\/catedravargasllosa.org\/inicio\/index.php\/2026\/04\/28\/iv-edicion-del-concurso-literario-plumas-pioneras-narrativas-de-futuro-faro-udd-hasta-el-28-de-mayo-de-2026\/#breadcrumb","itemListElement":[{"@type":"ListItem","position":1,"name":"Portada","item":"https:\/\/catedravargasllosa.org\/inicio\/"},{"@type":"ListItem","position":2,"name":"IV edici\u00f3n del concurso literario\u00a0Plumas Pioneras, Narrativas de Futuro (Faro UDD) &#8211; Hasta el 28 de agosto de 2026"}]},{"@type":"WebSite","@id":"https:\/\/catedravargasllosa.org\/inicio\/#website","url":"https:\/\/catedravargasllosa.org\/inicio\/","name":"C\u00e1tedra Vargas Llosa","description":"Nuestro prop&oacute;sito es fomentar el estudio de la literatura contempor&aacute;nea","publisher":{"@id":"https:\/\/catedravargasllosa.org\/inicio\/#organization"},"potentialAction":[{"@type":"SearchAction","target":{"@type":"EntryPoint","urlTemplate":"https:\/\/catedravargasllosa.org\/inicio\/?s={search_term_string}"},"query-input":{"@type":"PropertyValueSpecification","valueRequired":true,"valueName":"search_term_string"}}],"inLanguage":"es"},{"@type":"Organization","@id":"https:\/\/catedravargasllosa.org\/inicio\/#organization","name":"C\u00e1tedra Vargas Llosa","url":"https:\/\/catedravargasllosa.org\/inicio\/","logo":{"@type":"ImageObject","inLanguage":"es","@id":"https:\/\/catedravargasllosa.org\/inicio\/#\/schema\/logo\/image\/","url":"https:\/\/catedravargasllosa.org\/inicio\/wp-content\/uploads\/2024\/05\/cropped-logo-vargas-llosa-1.png","contentUrl":"https:\/\/catedravargasllosa.org\/inicio\/wp-content\/uploads\/2024\/05\/cropped-logo-vargas-llosa-1.png","width":350,"height":100,"caption":"C\u00e1tedra Vargas Llosa"},"image":{"@id":"https:\/\/catedravargasllosa.org\/inicio\/#\/schema\/logo\/image\/"}},{"@type":"Person","@id":"https:\/\/catedravargasllosa.org\/inicio\/#\/schema\/person\/4e1d7c8d4832b652c6000893e764eeb2","name":"smacias","image":{"@type":"ImageObject","inLanguage":"es","@id":"https:\/\/catedravargasllosa.org\/inicio\/#\/schema\/person\/image\/","url":"https:\/\/secure.gravatar.com\/avatar\/5a4a44341385c763a0bf5df01267c7f21cc5e0270d36e5697ddcf11fe57ac551?s=96&d=mm&r=g","contentUrl":"https:\/\/secure.gravatar.com\/avatar\/5a4a44341385c763a0bf5df01267c7f21cc5e0270d36e5697ddcf11fe57ac551?s=96&d=mm&r=g","caption":"smacias"},"url":"https:\/\/catedravargasllosa.org\/inicio\/index.php\/author\/smacias\/"}]}},"_links":{"self":[{"href":"https:\/\/catedravargasllosa.org\/inicio\/index.php\/wp-json\/wp\/v2\/posts\/4537","targetHints":{"allow":["GET"]}}],"collection":[{"href":"https:\/\/catedravargasllosa.org\/inicio\/index.php\/wp-json\/wp\/v2\/posts"}],"about":[{"href":"https:\/\/catedravargasllosa.org\/inicio\/index.php\/wp-json\/wp\/v2\/types\/post"}],"author":[{"embeddable":true,"href":"https:\/\/catedravargasllosa.org\/inicio\/index.php\/wp-json\/wp\/v2\/users\/3"}],"replies":[{"embeddable":true,"href":"https:\/\/catedravargasllosa.org\/inicio\/index.php\/wp-json\/wp\/v2\/comments?post=4537"}],"version-history":[{"count":5,"href":"https:\/\/catedravargasllosa.org\/inicio\/index.php\/wp-json\/wp\/v2\/posts\/4537\/revisions"}],"predecessor-version":[{"id":4543,"href":"https:\/\/catedravargasllosa.org\/inicio\/index.php\/wp-json\/wp\/v2\/posts\/4537\/revisions\/4543"}],"wp:featuredmedia":[{"embeddable":true,"href":"https:\/\/catedravargasllosa.org\/inicio\/index.php\/wp-json\/wp\/v2\/media\/4538"}],"wp:attachment":[{"href":"https:\/\/catedravargasllosa.org\/inicio\/index.php\/wp-json\/wp\/v2\/media?parent=4537"}],"wp:term":[{"taxonomy":"category","embeddable":true,"href":"https:\/\/catedravargasllosa.org\/inicio\/index.php\/wp-json\/wp\/v2\/categories?post=4537"},{"taxonomy":"post_tag","embeddable":true,"href":"https:\/\/catedravargasllosa.org\/inicio\/index.php\/wp-json\/wp\/v2\/tags?post=4537"}],"curies":[{"name":"wp","href":"https:\/\/api.w.org\/{rel}","templated":true}]}}