{"id":4518,"date":"2026-04-27T10:45:08","date_gmt":"2026-04-27T10:45:08","guid":{"rendered":"https:\/\/catedravargasllosa.org\/inicio\/?p=4518"},"modified":"2026-04-27T12:54:24","modified_gmt":"2026-04-27T12:54:24","slug":"la-catedra-vargas-llosa-en-la-feria-del-libro-de-buenos-aires-25-de-abril-de-2026","status":"publish","type":"post","link":"https:\/\/catedravargasllosa.org\/inicio\/index.php\/2026\/04\/27\/la-catedra-vargas-llosa-en-la-feria-del-libro-de-buenos-aires-25-de-abril-de-2026\/","title":{"rendered":"La C\u00e1tedra Vargas Llosa en la Feria del Libro de Buenos Aires &#8211; 25 de abril de 2026"},"content":{"rendered":"\t\t<div data-elementor-type=\"wp-post\" data-elementor-id=\"4518\" class=\"elementor elementor-4518\" data-elementor-post-type=\"post\">\n\t\t\t\t<div class=\"elementor-element elementor-element-f878eb7 e-flex e-con-boxed e-con e-parent\" data-id=\"f878eb7\" data-element_type=\"container\">\n\t\t\t\t\t<div class=\"e-con-inner\">\n\t\t\t\t<div class=\"elementor-element elementor-element-bb2178f elementor-widget elementor-widget-text-editor\" data-id=\"bb2178f\" data-element_type=\"widget\" data-widget_type=\"text-editor.default\">\n\t\t\t\t\t\t\t\t\t<p data-start=\"0\" data-end=\"541\">A poco m\u00e1s de un a\u00f1o de su fallecimiento, la 50\u00aa edici\u00f3n de la <span class=\"hover:entity-accent entity-underline inline cursor-pointer align-baseline\"><span class=\"whitespace-normal\">Feria Internacional del Libro de Buenos Aires<\/span><\/span> rindi\u00f3 homenaje a <span class=\"hover:entity-accent entity-underline inline cursor-pointer align-baseline\"><span class=\"whitespace-normal\">Mario Vargas Llosa<\/span><\/span> en un acto que reuni\u00f3 a cerca de 150 asistentes. La actividad, organizada por la C\u00e1tedra Vargas Llosa y el Banco de Desarrollo de Am\u00e9rica Latina y el Caribe, tuvo lugar en la Sala Victoria Ocampo y cont\u00f3 con la participaci\u00f3n de <span class=\"hover:entity-accent entity-underline inline cursor-pointer align-baseline\"><span class=\"whitespace-normal\">\u00c1lvaro Vargas Llosa<\/span><\/span> y <span class=\"hover:entity-accent entity-underline inline cursor-pointer align-baseline\"><span class=\"whitespace-normal\">Morgana Vargas Llosa<\/span><\/span>, junto a representantes diplom\u00e1ticos y destacadas figuras del \u00e1mbito cultural.<\/p>\t\t\t\t\t\t\t\t<\/div>\n\t\t\t\t\t<\/div>\n\t\t\t\t<\/div>\n\t\t<div class=\"elementor-element elementor-element-a6e9c61 e-flex e-con-boxed e-con e-parent\" data-id=\"a6e9c61\" data-element_type=\"container\">\n\t\t\t\t\t<div class=\"e-con-inner\">\n\t\t\t\t<div class=\"elementor-element elementor-element-c5fe7a0 elementor-widget elementor-widget-gallery\" data-id=\"c5fe7a0\" data-element_type=\"widget\" data-settings=\"{&quot;columns&quot;:2,&quot;lazyload&quot;:&quot;yes&quot;,&quot;gallery_layout&quot;:&quot;grid&quot;,&quot;columns_tablet&quot;:2,&quot;columns_mobile&quot;:1,&quot;gap&quot;:{&quot;unit&quot;:&quot;px&quot;,&quot;size&quot;:10,&quot;sizes&quot;:[]},&quot;gap_tablet&quot;:{&quot;unit&quot;:&quot;px&quot;,&quot;size&quot;:10,&quot;sizes&quot;:[]},&quot;gap_mobile&quot;:{&quot;unit&quot;:&quot;px&quot;,&quot;size&quot;:10,&quot;sizes&quot;:[]},&quot;link_to&quot;:&quot;file&quot;,&quot;aspect_ratio&quot;:&quot;3:2&quot;,&quot;overlay_background&quot;:&quot;yes&quot;,&quot;content_hover_animation&quot;:&quot;fade-in&quot;}\" data-widget_type=\"gallery.default\">\n\t\t\t\t\t\t\t<div class=\"elementor-gallery__container\">\n\t\t\t\t\t\t\t<a class=\"e-gallery-item elementor-gallery-item elementor-animated-content\" href=\"https:\/\/catedravargasllosa.org\/inicio\/wp-content\/uploads\/2026\/04\/MG_2980-scaled.jpg\" data-elementor-open-lightbox=\"yes\" data-elementor-lightbox-slideshow=\"c5fe7a0\" data-e-action-hash=\"#elementor-action%3Aaction%3Dlightbox%26settings%3DeyJpZCI6NDUxOSwidXJsIjoiaHR0cHM6XC9cL2NhdGVkcmF2YXJnYXNsbG9zYS5vcmdcL2luaWNpb1wvd3AtY29udGVudFwvdXBsb2Fkc1wvMjAyNlwvMDRcL01HXzI5ODAtc2NhbGVkLmpwZyIsInNsaWRlc2hvdyI6ImM1ZmU3YTAifQ%3D%3D\">\n\t\t\t\t\t<div class=\"e-gallery-image elementor-gallery-item__image\" data-thumbnail=\"https:\/\/catedravargasllosa.org\/inicio\/wp-content\/uploads\/2026\/04\/MG_2980-scaled.jpg\" data-width=\"2560\" data-height=\"1707\" aria-label=\"\" role=\"img\" ><\/div>\n\t\t\t\t\t\t\t\t\t\t\t<div class=\"elementor-gallery-item__overlay\"><\/div>\n\t\t\t\t\t\t\t\t\t\t\t\t\t\t<\/a>\n\t\t\t\t\t\t\t<a class=\"e-gallery-item elementor-gallery-item elementor-animated-content\" href=\"https:\/\/catedravargasllosa.org\/inicio\/wp-content\/uploads\/2026\/04\/MG_2872-scaled.jpg\" data-elementor-open-lightbox=\"yes\" data-elementor-lightbox-slideshow=\"c5fe7a0\" data-elementor-lightbox-title=\"_MG_2872\" data-e-action-hash=\"#elementor-action%3Aaction%3Dlightbox%26settings%3DeyJpZCI6NDUyMywidXJsIjoiaHR0cHM6XC9cL2NhdGVkcmF2YXJnYXNsbG9zYS5vcmdcL2luaWNpb1wvd3AtY29udGVudFwvdXBsb2Fkc1wvMjAyNlwvMDRcL01HXzI4NzItc2NhbGVkLmpwZyIsInNsaWRlc2hvdyI6ImM1ZmU3YTAifQ%3D%3D\">\n\t\t\t\t\t<div class=\"e-gallery-image elementor-gallery-item__image\" data-thumbnail=\"https:\/\/catedravargasllosa.org\/inicio\/wp-content\/uploads\/2026\/04\/MG_2872-scaled.jpg\" data-width=\"2560\" data-height=\"1707\" aria-label=\"\" role=\"img\" ><\/div>\n\t\t\t\t\t\t\t\t\t\t\t<div class=\"elementor-gallery-item__overlay\"><\/div>\n\t\t\t\t\t\t\t\t\t\t\t\t\t\t<\/a>\n\t\t\t\t\t\t\t<a class=\"e-gallery-item elementor-gallery-item elementor-animated-content\" href=\"https:\/\/catedravargasllosa.org\/inicio\/wp-content\/uploads\/2026\/04\/MG_2938-scaled.jpg\" data-elementor-open-lightbox=\"yes\" data-elementor-lightbox-slideshow=\"c5fe7a0\" data-elementor-lightbox-title=\"_MG_2938\" data-e-action-hash=\"#elementor-action%3Aaction%3Dlightbox%26settings%3DeyJpZCI6NDUyNCwidXJsIjoiaHR0cHM6XC9cL2NhdGVkcmF2YXJnYXNsbG9zYS5vcmdcL2luaWNpb1wvd3AtY29udGVudFwvdXBsb2Fkc1wvMjAyNlwvMDRcL01HXzI5Mzgtc2NhbGVkLmpwZyIsInNsaWRlc2hvdyI6ImM1ZmU3YTAifQ%3D%3D\">\n\t\t\t\t\t<div class=\"e-gallery-image elementor-gallery-item__image\" data-thumbnail=\"https:\/\/catedravargasllosa.org\/inicio\/wp-content\/uploads\/2026\/04\/MG_2938-scaled.jpg\" data-width=\"2560\" data-height=\"1707\" aria-label=\"\" role=\"img\" ><\/div>\n\t\t\t\t\t\t\t\t\t\t\t<div class=\"elementor-gallery-item__overlay\"><\/div>\n\t\t\t\t\t\t\t\t\t\t\t\t\t\t<\/a>\n\t\t\t\t\t\t\t<a class=\"e-gallery-item elementor-gallery-item elementor-animated-content\" href=\"https:\/\/catedravargasllosa.org\/inicio\/wp-content\/uploads\/2026\/04\/MG_3001-scaled.jpg\" data-elementor-open-lightbox=\"yes\" data-elementor-lightbox-slideshow=\"c5fe7a0\" data-elementor-lightbox-title=\"_MG_3001\" data-e-action-hash=\"#elementor-action%3Aaction%3Dlightbox%26settings%3DeyJpZCI6NDUyNywidXJsIjoiaHR0cHM6XC9cL2NhdGVkcmF2YXJnYXNsbG9zYS5vcmdcL2luaWNpb1wvd3AtY29udGVudFwvdXBsb2Fkc1wvMjAyNlwvMDRcL01HXzMwMDEtc2NhbGVkLmpwZyIsInNsaWRlc2hvdyI6ImM1ZmU3YTAifQ%3D%3D\">\n\t\t\t\t\t<div class=\"e-gallery-image elementor-gallery-item__image\" data-thumbnail=\"https:\/\/catedravargasllosa.org\/inicio\/wp-content\/uploads\/2026\/04\/MG_3001-scaled.jpg\" data-width=\"2560\" data-height=\"1707\" aria-label=\"\" role=\"img\" ><\/div>\n\t\t\t\t\t\t\t\t\t\t\t<div class=\"elementor-gallery-item__overlay\"><\/div>\n\t\t\t\t\t\t\t\t\t\t\t\t\t\t<\/a>\n\t\t\t\t\t\t\t<a class=\"e-gallery-item elementor-gallery-item elementor-animated-content\" href=\"https:\/\/catedravargasllosa.org\/inicio\/wp-content\/uploads\/2026\/04\/MG_2956-scaled.jpg\" data-elementor-open-lightbox=\"yes\" data-elementor-lightbox-slideshow=\"c5fe7a0\" data-elementor-lightbox-title=\"_MG_2956\" data-e-action-hash=\"#elementor-action%3Aaction%3Dlightbox%26settings%3DeyJpZCI6NDUyNSwidXJsIjoiaHR0cHM6XC9cL2NhdGVkcmF2YXJnYXNsbG9zYS5vcmdcL2luaWNpb1wvd3AtY29udGVudFwvdXBsb2Fkc1wvMjAyNlwvMDRcL01HXzI5NTYtc2NhbGVkLmpwZyIsInNsaWRlc2hvdyI6ImM1ZmU3YTAifQ%3D%3D\">\n\t\t\t\t\t<div class=\"e-gallery-image elementor-gallery-item__image\" data-thumbnail=\"https:\/\/catedravargasllosa.org\/inicio\/wp-content\/uploads\/2026\/04\/MG_2956-scaled.jpg\" data-width=\"2560\" data-height=\"1707\" aria-label=\"\" role=\"img\" ><\/div>\n\t\t\t\t\t\t\t\t\t\t\t<div class=\"elementor-gallery-item__overlay\"><\/div>\n\t\t\t\t\t\t\t\t\t\t\t\t\t\t<\/a>\n\t\t\t\t\t\t\t<a class=\"e-gallery-item elementor-gallery-item elementor-animated-content\" href=\"https:\/\/catedravargasllosa.org\/inicio\/wp-content\/uploads\/2026\/04\/MG_2844-scaled.jpg\" data-elementor-open-lightbox=\"yes\" data-elementor-lightbox-slideshow=\"c5fe7a0\" data-elementor-lightbox-title=\"_MG_2844\" data-e-action-hash=\"#elementor-action%3Aaction%3Dlightbox%26settings%3DeyJpZCI6NDUyMiwidXJsIjoiaHR0cHM6XC9cL2NhdGVkcmF2YXJnYXNsbG9zYS5vcmdcL2luaWNpb1wvd3AtY29udGVudFwvdXBsb2Fkc1wvMjAyNlwvMDRcL01HXzI4NDQtc2NhbGVkLmpwZyIsInNsaWRlc2hvdyI6ImM1ZmU3YTAifQ%3D%3D\">\n\t\t\t\t\t<div class=\"e-gallery-image elementor-gallery-item__image\" data-thumbnail=\"https:\/\/catedravargasllosa.org\/inicio\/wp-content\/uploads\/2026\/04\/MG_2844-scaled.jpg\" data-width=\"2560\" data-height=\"1707\" aria-label=\"\" role=\"img\" ><\/div>\n\t\t\t\t\t\t\t\t\t\t\t<div class=\"elementor-gallery-item__overlay\"><\/div>\n\t\t\t\t\t\t\t\t\t\t\t\t\t\t<\/a>\n\t\t\t\t\t\t\t<a class=\"e-gallery-item elementor-gallery-item elementor-animated-content\" href=\"https:\/\/catedravargasllosa.org\/inicio\/wp-content\/uploads\/2026\/04\/MG_2980-1-scaled.jpg\" data-elementor-open-lightbox=\"yes\" data-elementor-lightbox-slideshow=\"c5fe7a0\" data-elementor-lightbox-title=\"_MG_2980\" data-e-action-hash=\"#elementor-action%3Aaction%3Dlightbox%26settings%3DeyJpZCI6NDUyNiwidXJsIjoiaHR0cHM6XC9cL2NhdGVkcmF2YXJnYXNsbG9zYS5vcmdcL2luaWNpb1wvd3AtY29udGVudFwvdXBsb2Fkc1wvMjAyNlwvMDRcL01HXzI5ODAtMS1zY2FsZWQuanBnIiwic2xpZGVzaG93IjoiYzVmZTdhMCJ9\">\n\t\t\t\t\t<div class=\"e-gallery-image elementor-gallery-item__image\" data-thumbnail=\"https:\/\/catedravargasllosa.org\/inicio\/wp-content\/uploads\/2026\/04\/MG_2980-1-scaled.jpg\" data-width=\"2560\" data-height=\"1707\" aria-label=\"\" role=\"img\" ><\/div>\n\t\t\t\t\t\t\t\t\t\t\t<div class=\"elementor-gallery-item__overlay\"><\/div>\n\t\t\t\t\t\t\t\t\t\t\t\t\t\t<\/a>\n\t\t\t\t\t<\/div>\n\t\t\t\t\t<\/div>\n\t\t\t\t\t<\/div>\n\t\t\t\t<\/div>\n\t\t\t\t<\/div>\n\t\t","protected":false},"excerpt":{"rendered":"<p>A poco m\u00e1s de un a\u00f1o de su fallecimiento, la 50\u00aa edici\u00f3n de la Feria Internacional del Libro de Buenos Aires rindi\u00f3 homenaje a Mario Vargas Llosa en un acto que reuni\u00f3 a cerca de 150 asistentes. La actividad, organizada por la C\u00e1tedra Vargas Llosa y el Banco de Desarrollo de Am\u00e9rica Latina y el [&hellip;]<\/p>\n","protected":false},"author":3,"featured_media":4519,"comment_status":"open","ping_status":"closed","sticky":false,"template":"","format":"standard","meta":{"_acf_changed":false,"footnotes":""},"categories":[8],"tags":[],"class_list":["post-4518","post","type-post","status-publish","format-standard","has-post-thumbnail","hentry","category-eventos"],"acf":[],"yoast_head":"<!-- This site is optimized with the Yoast SEO plugin v25.0 - https:\/\/yoast.com\/wordpress\/plugins\/seo\/ -->\n<title>La C\u00e1tedra Vargas Llosa en la Feria del Libro de Buenos Aires - 25 de abril de 2026 - C\u00e1tedra Vargas Llosa<\/title>\n<meta name=\"robots\" content=\"index, follow, max-snippet:-1, max-image-preview:large, max-video-preview:-1\" \/>\n<link rel=\"canonical\" href=\"https:\/\/catedravargasllosa.org\/inicio\/index.php\/2026\/04\/27\/la-catedra-vargas-llosa-en-la-feria-del-libro-de-buenos-aires-25-de-abril-de-2026\/\" \/>\n<meta property=\"og:locale\" content=\"es_ES\" \/>\n<meta property=\"og:type\" content=\"article\" \/>\n<meta property=\"og:title\" content=\"La C\u00e1tedra Vargas Llosa en la Feria del Libro de Buenos Aires - 25 de abril de 2026 - C\u00e1tedra Vargas Llosa\" \/>\n<meta property=\"og:description\" content=\"A poco m\u00e1s de un a\u00f1o de su fallecimiento, la 50\u00aa edici\u00f3n de la Feria Internacional del Libro de Buenos Aires rindi\u00f3 homenaje a Mario Vargas Llosa en un acto que reuni\u00f3 a cerca de 150 asistentes. La actividad, organizada por la C\u00e1tedra Vargas Llosa y el Banco de Desarrollo de Am\u00e9rica Latina y el [&hellip;]\" \/>\n<meta property=\"og:url\" content=\"https:\/\/catedravargasllosa.org\/inicio\/index.php\/2026\/04\/27\/la-catedra-vargas-llosa-en-la-feria-del-libro-de-buenos-aires-25-de-abril-de-2026\/\" \/>\n<meta property=\"og:site_name\" content=\"C\u00e1tedra Vargas Llosa\" \/>\n<meta property=\"article:published_time\" content=\"2026-04-27T10:45:08+00:00\" \/>\n<meta property=\"article:modified_time\" content=\"2026-04-27T12:54:24+00:00\" \/>\n<meta property=\"og:image\" content=\"https:\/\/catedravargasllosa.org\/inicio\/wp-content\/uploads\/2026\/04\/MG_2980-scaled.jpg\" \/>\n\t<meta property=\"og:image:width\" content=\"2560\" \/>\n\t<meta property=\"og:image:height\" content=\"1707\" \/>\n\t<meta property=\"og:image:type\" content=\"image\/jpeg\" \/>\n<meta name=\"author\" content=\"smacias\" \/>\n<meta name=\"twitter:card\" content=\"summary_large_image\" \/>\n<meta name=\"twitter:label1\" content=\"Escrito por\" \/>\n\t<meta name=\"twitter:data1\" content=\"smacias\" \/>\n\t<meta name=\"twitter:label2\" content=\"Tiempo de lectura\" \/>\n\t<meta name=\"twitter:data2\" content=\"1 minuto\" \/>\n<script type=\"application\/ld+json\" class=\"yoast-schema-graph\">{\"@context\":\"https:\/\/schema.org\",\"@graph\":[{\"@type\":\"Article\",\"@id\":\"https:\/\/catedravargasllosa.org\/inicio\/index.php\/2026\/04\/27\/la-catedra-vargas-llosa-en-la-feria-del-libro-de-buenos-aires-25-de-abril-de-2026\/#article\",\"isPartOf\":{\"@id\":\"https:\/\/catedravargasllosa.org\/inicio\/index.php\/2026\/04\/27\/la-catedra-vargas-llosa-en-la-feria-del-libro-de-buenos-aires-25-de-abril-de-2026\/\"},\"author\":{\"name\":\"smacias\",\"@id\":\"https:\/\/catedravargasllosa.org\/inicio\/#\/schema\/person\/4e1d7c8d4832b652c6000893e764eeb2\"},\"headline\":\"La C\u00e1tedra Vargas Llosa en la Feria del Libro de Buenos Aires &#8211; 25 de abril de 2026\",\"datePublished\":\"2026-04-27T10:45:08+00:00\",\"dateModified\":\"2026-04-27T12:54:24+00:00\",\"mainEntityOfPage\":{\"@id\":\"https:\/\/catedravargasllosa.org\/inicio\/index.php\/2026\/04\/27\/la-catedra-vargas-llosa-en-la-feria-del-libro-de-buenos-aires-25-de-abril-de-2026\/\"},\"wordCount\":108,\"commentCount\":0,\"publisher\":{\"@id\":\"https:\/\/catedravargasllosa.org\/inicio\/#organization\"},\"image\":{\"@id\":\"https:\/\/catedravargasllosa.org\/inicio\/index.php\/2026\/04\/27\/la-catedra-vargas-llosa-en-la-feria-del-libro-de-buenos-aires-25-de-abril-de-2026\/#primaryimage\"},\"thumbnailUrl\":\"https:\/\/catedravargasllosa.org\/inicio\/wp-content\/uploads\/2026\/04\/MG_2980-scaled.jpg\",\"articleSection\":[\"Eventos\"],\"inLanguage\":\"es\",\"potentialAction\":[{\"@type\":\"CommentAction\",\"name\":\"Comment\",\"target\":[\"https:\/\/catedravargasllosa.org\/inicio\/index.php\/2026\/04\/27\/la-catedra-vargas-llosa-en-la-feria-del-libro-de-buenos-aires-25-de-abril-de-2026\/#respond\"]}]},{\"@type\":\"WebPage\",\"@id\":\"https:\/\/catedravargasllosa.org\/inicio\/index.php\/2026\/04\/27\/la-catedra-vargas-llosa-en-la-feria-del-libro-de-buenos-aires-25-de-abril-de-2026\/\",\"url\":\"https:\/\/catedravargasllosa.org\/inicio\/index.php\/2026\/04\/27\/la-catedra-vargas-llosa-en-la-feria-del-libro-de-buenos-aires-25-de-abril-de-2026\/\",\"name\":\"La C\u00e1tedra Vargas Llosa en la Feria del Libro de Buenos Aires - 25 de abril de 2026 - C\u00e1tedra Vargas Llosa\",\"isPartOf\":{\"@id\":\"https:\/\/catedravargasllosa.org\/inicio\/#website\"},\"primaryImageOfPage\":{\"@id\":\"https:\/\/catedravargasllosa.org\/inicio\/index.php\/2026\/04\/27\/la-catedra-vargas-llosa-en-la-feria-del-libro-de-buenos-aires-25-de-abril-de-2026\/#primaryimage\"},\"image\":{\"@id\":\"https:\/\/catedravargasllosa.org\/inicio\/index.php\/2026\/04\/27\/la-catedra-vargas-llosa-en-la-feria-del-libro-de-buenos-aires-25-de-abril-de-2026\/#primaryimage\"},\"thumbnailUrl\":\"https:\/\/catedravargasllosa.org\/inicio\/wp-content\/uploads\/2026\/04\/MG_2980-scaled.jpg\",\"datePublished\":\"2026-04-27T10:45:08+00:00\",\"dateModified\":\"2026-04-27T12:54:24+00:00\",\"breadcrumb\":{\"@id\":\"https:\/\/catedravargasllosa.org\/inicio\/index.php\/2026\/04\/27\/la-catedra-vargas-llosa-en-la-feria-del-libro-de-buenos-aires-25-de-abril-de-2026\/#breadcrumb\"},\"inLanguage\":\"es\",\"potentialAction\":[{\"@type\":\"ReadAction\",\"target\":[\"https:\/\/catedravargasllosa.org\/inicio\/index.php\/2026\/04\/27\/la-catedra-vargas-llosa-en-la-feria-del-libro-de-buenos-aires-25-de-abril-de-2026\/\"]}]},{\"@type\":\"ImageObject\",\"inLanguage\":\"es\",\"@id\":\"https:\/\/catedravargasllosa.org\/inicio\/index.php\/2026\/04\/27\/la-catedra-vargas-llosa-en-la-feria-del-libro-de-buenos-aires-25-de-abril-de-2026\/#primaryimage\",\"url\":\"https:\/\/catedravargasllosa.org\/inicio\/wp-content\/uploads\/2026\/04\/MG_2980-scaled.jpg\",\"contentUrl\":\"https:\/\/catedravargasllosa.org\/inicio\/wp-content\/uploads\/2026\/04\/MG_2980-scaled.jpg\",\"width\":2560,\"height\":1707},{\"@type\":\"BreadcrumbList\",\"@id\":\"https:\/\/catedravargasllosa.org\/inicio\/index.php\/2026\/04\/27\/la-catedra-vargas-llosa-en-la-feria-del-libro-de-buenos-aires-25-de-abril-de-2026\/#breadcrumb\",\"itemListElement\":[{\"@type\":\"ListItem\",\"position\":1,\"name\":\"Portada\",\"item\":\"https:\/\/catedravargasllosa.org\/inicio\/\"},{\"@type\":\"ListItem\",\"position\":2,\"name\":\"La C\u00e1tedra Vargas Llosa en la Feria del Libro de Buenos Aires &#8211; 25 de abril de 2026\"}]},{\"@type\":\"WebSite\",\"@id\":\"https:\/\/catedravargasllosa.org\/inicio\/#website\",\"url\":\"https:\/\/catedravargasllosa.org\/inicio\/\",\"name\":\"C\u00e1tedra Vargas Llosa\",\"description\":\"Nuestro prop&oacute;sito es fomentar el estudio de la literatura contempor&aacute;nea\",\"publisher\":{\"@id\":\"https:\/\/catedravargasllosa.org\/inicio\/#organization\"},\"potentialAction\":[{\"@type\":\"SearchAction\",\"target\":{\"@type\":\"EntryPoint\",\"urlTemplate\":\"https:\/\/catedravargasllosa.org\/inicio\/?s={search_term_string}\"},\"query-input\":{\"@type\":\"PropertyValueSpecification\",\"valueRequired\":true,\"valueName\":\"search_term_string\"}}],\"inLanguage\":\"es\"},{\"@type\":\"Organization\",\"@id\":\"https:\/\/catedravargasllosa.org\/inicio\/#organization\",\"name\":\"C\u00e1tedra Vargas Llosa\",\"url\":\"https:\/\/catedravargasllosa.org\/inicio\/\",\"logo\":{\"@type\":\"ImageObject\",\"inLanguage\":\"es\",\"@id\":\"https:\/\/catedravargasllosa.org\/inicio\/#\/schema\/logo\/image\/\",\"url\":\"https:\/\/catedravargasllosa.org\/inicio\/wp-content\/uploads\/2024\/05\/cropped-logo-vargas-llosa-1.png\",\"contentUrl\":\"https:\/\/catedravargasllosa.org\/inicio\/wp-content\/uploads\/2024\/05\/cropped-logo-vargas-llosa-1.png\",\"width\":350,\"height\":100,\"caption\":\"C\u00e1tedra Vargas Llosa\"},\"image\":{\"@id\":\"https:\/\/catedravargasllosa.org\/inicio\/#\/schema\/logo\/image\/\"}},{\"@type\":\"Person\",\"@id\":\"https:\/\/catedravargasllosa.org\/inicio\/#\/schema\/person\/4e1d7c8d4832b652c6000893e764eeb2\",\"name\":\"smacias\",\"image\":{\"@type\":\"ImageObject\",\"inLanguage\":\"es\",\"@id\":\"https:\/\/catedravargasllosa.org\/inicio\/#\/schema\/person\/image\/\",\"url\":\"https:\/\/secure.gravatar.com\/avatar\/5a4a44341385c763a0bf5df01267c7f21cc5e0270d36e5697ddcf11fe57ac551?s=96&d=mm&r=g\",\"contentUrl\":\"https:\/\/secure.gravatar.com\/avatar\/5a4a44341385c763a0bf5df01267c7f21cc5e0270d36e5697ddcf11fe57ac551?s=96&d=mm&r=g\",\"caption\":\"smacias\"},\"url\":\"https:\/\/catedravargasllosa.org\/inicio\/index.php\/author\/smacias\/\"}]}<\/script>\n<!-- \/ Yoast SEO plugin. -->","yoast_head_json":{"title":"La C\u00e1tedra Vargas Llosa en la Feria del Libro de Buenos Aires - 25 de abril de 2026 - C\u00e1tedra Vargas Llosa","robots":{"index":"index","follow":"follow","max-snippet":"max-snippet:-1","max-image-preview":"max-image-preview:large","max-video-preview":"max-video-preview:-1"},"canonical":"https:\/\/catedravargasllosa.org\/inicio\/index.php\/2026\/04\/27\/la-catedra-vargas-llosa-en-la-feria-del-libro-de-buenos-aires-25-de-abril-de-2026\/","og_locale":"es_ES","og_type":"article","og_title":"La C\u00e1tedra Vargas Llosa en la Feria del Libro de Buenos Aires - 25 de abril de 2026 - C\u00e1tedra Vargas Llosa","og_description":"A poco m\u00e1s de un a\u00f1o de su fallecimiento, la 50\u00aa edici\u00f3n de la Feria Internacional del Libro de Buenos Aires rindi\u00f3 homenaje a Mario Vargas Llosa en un acto que reuni\u00f3 a cerca de 150 asistentes. La actividad, organizada por la C\u00e1tedra Vargas Llosa y el Banco de Desarrollo de Am\u00e9rica Latina y el [&hellip;]","og_url":"https:\/\/catedravargasllosa.org\/inicio\/index.php\/2026\/04\/27\/la-catedra-vargas-llosa-en-la-feria-del-libro-de-buenos-aires-25-de-abril-de-2026\/","og_site_name":"C\u00e1tedra Vargas Llosa","article_published_time":"2026-04-27T10:45:08+00:00","article_modified_time":"2026-04-27T12:54:24+00:00","og_image":[{"width":2560,"height":1707,"url":"https:\/\/catedravargasllosa.org\/inicio\/wp-content\/uploads\/2026\/04\/MG_2980-scaled.jpg","type":"image\/jpeg"}],"author":"smacias","twitter_card":"summary_large_image","twitter_misc":{"Escrito por":"smacias","Tiempo de lectura":"1 minuto"},"schema":{"@context":"https:\/\/schema.org","@graph":[{"@type":"Article","@id":"https:\/\/catedravargasllosa.org\/inicio\/index.php\/2026\/04\/27\/la-catedra-vargas-llosa-en-la-feria-del-libro-de-buenos-aires-25-de-abril-de-2026\/#article","isPartOf":{"@id":"https:\/\/catedravargasllosa.org\/inicio\/index.php\/2026\/04\/27\/la-catedra-vargas-llosa-en-la-feria-del-libro-de-buenos-aires-25-de-abril-de-2026\/"},"author":{"name":"smacias","@id":"https:\/\/catedravargasllosa.org\/inicio\/#\/schema\/person\/4e1d7c8d4832b652c6000893e764eeb2"},"headline":"La C\u00e1tedra Vargas Llosa en la Feria del Libro de Buenos Aires &#8211; 25 de abril de 2026","datePublished":"2026-04-27T10:45:08+00:00","dateModified":"2026-04-27T12:54:24+00:00","mainEntityOfPage":{"@id":"https:\/\/catedravargasllosa.org\/inicio\/index.php\/2026\/04\/27\/la-catedra-vargas-llosa-en-la-feria-del-libro-de-buenos-aires-25-de-abril-de-2026\/"},"wordCount":108,"commentCount":0,"publisher":{"@id":"https:\/\/catedravargasllosa.org\/inicio\/#organization"},"image":{"@id":"https:\/\/catedravargasllosa.org\/inicio\/index.php\/2026\/04\/27\/la-catedra-vargas-llosa-en-la-feria-del-libro-de-buenos-aires-25-de-abril-de-2026\/#primaryimage"},"thumbnailUrl":"https:\/\/catedravargasllosa.org\/inicio\/wp-content\/uploads\/2026\/04\/MG_2980-scaled.jpg","articleSection":["Eventos"],"inLanguage":"es","potentialAction":[{"@type":"CommentAction","name":"Comment","target":["https:\/\/catedravargasllosa.org\/inicio\/index.php\/2026\/04\/27\/la-catedra-vargas-llosa-en-la-feria-del-libro-de-buenos-aires-25-de-abril-de-2026\/#respond"]}]},{"@type":"WebPage","@id":"https:\/\/catedravargasllosa.org\/inicio\/index.php\/2026\/04\/27\/la-catedra-vargas-llosa-en-la-feria-del-libro-de-buenos-aires-25-de-abril-de-2026\/","url":"https:\/\/catedravargasllosa.org\/inicio\/index.php\/2026\/04\/27\/la-catedra-vargas-llosa-en-la-feria-del-libro-de-buenos-aires-25-de-abril-de-2026\/","name":"La C\u00e1tedra Vargas Llosa en la Feria del Libro de Buenos Aires - 25 de abril de 2026 - C\u00e1tedra Vargas Llosa","isPartOf":{"@id":"https:\/\/catedravargasllosa.org\/inicio\/#website"},"primaryImageOfPage":{"@id":"https:\/\/catedravargasllosa.org\/inicio\/index.php\/2026\/04\/27\/la-catedra-vargas-llosa-en-la-feria-del-libro-de-buenos-aires-25-de-abril-de-2026\/#primaryimage"},"image":{"@id":"https:\/\/catedravargasllosa.org\/inicio\/index.php\/2026\/04\/27\/la-catedra-vargas-llosa-en-la-feria-del-libro-de-buenos-aires-25-de-abril-de-2026\/#primaryimage"},"thumbnailUrl":"https:\/\/catedravargasllosa.org\/inicio\/wp-content\/uploads\/2026\/04\/MG_2980-scaled.jpg","datePublished":"2026-04-27T10:45:08+00:00","dateModified":"2026-04-27T12:54:24+00:00","breadcrumb":{"@id":"https:\/\/catedravargasllosa.org\/inicio\/index.php\/2026\/04\/27\/la-catedra-vargas-llosa-en-la-feria-del-libro-de-buenos-aires-25-de-abril-de-2026\/#breadcrumb"},"inLanguage":"es","potentialAction":[{"@type":"ReadAction","target":["https:\/\/catedravargasllosa.org\/inicio\/index.php\/2026\/04\/27\/la-catedra-vargas-llosa-en-la-feria-del-libro-de-buenos-aires-25-de-abril-de-2026\/"]}]},{"@type":"ImageObject","inLanguage":"es","@id":"https:\/\/catedravargasllosa.org\/inicio\/index.php\/2026\/04\/27\/la-catedra-vargas-llosa-en-la-feria-del-libro-de-buenos-aires-25-de-abril-de-2026\/#primaryimage","url":"https:\/\/catedravargasllosa.org\/inicio\/wp-content\/uploads\/2026\/04\/MG_2980-scaled.jpg","contentUrl":"https:\/\/catedravargasllosa.org\/inicio\/wp-content\/uploads\/2026\/04\/MG_2980-scaled.jpg","width":2560,"height":1707},{"@type":"BreadcrumbList","@id":"https:\/\/catedravargasllosa.org\/inicio\/index.php\/2026\/04\/27\/la-catedra-vargas-llosa-en-la-feria-del-libro-de-buenos-aires-25-de-abril-de-2026\/#breadcrumb","itemListElement":[{"@type":"ListItem","position":1,"name":"Portada","item":"https:\/\/catedravargasllosa.org\/inicio\/"},{"@type":"ListItem","position":2,"name":"La C\u00e1tedra Vargas Llosa en la Feria del Libro de Buenos Aires &#8211; 25 de abril de 2026"}]},{"@type":"WebSite","@id":"https:\/\/catedravargasllosa.org\/inicio\/#website","url":"https:\/\/catedravargasllosa.org\/inicio\/","name":"C\u00e1tedra Vargas Llosa","description":"Nuestro prop&oacute;sito es fomentar el estudio de la literatura contempor&aacute;nea","publisher":{"@id":"https:\/\/catedravargasllosa.org\/inicio\/#organization"},"potentialAction":[{"@type":"SearchAction","target":{"@type":"EntryPoint","urlTemplate":"https:\/\/catedravargasllosa.org\/inicio\/?s={search_term_string}"},"query-input":{"@type":"PropertyValueSpecification","valueRequired":true,"valueName":"search_term_string"}}],"inLanguage":"es"},{"@type":"Organization","@id":"https:\/\/catedravargasllosa.org\/inicio\/#organization","name":"C\u00e1tedra Vargas Llosa","url":"https:\/\/catedravargasllosa.org\/inicio\/","logo":{"@type":"ImageObject","inLanguage":"es","@id":"https:\/\/catedravargasllosa.org\/inicio\/#\/schema\/logo\/image\/","url":"https:\/\/catedravargasllosa.org\/inicio\/wp-content\/uploads\/2024\/05\/cropped-logo-vargas-llosa-1.png","contentUrl":"https:\/\/catedravargasllosa.org\/inicio\/wp-content\/uploads\/2024\/05\/cropped-logo-vargas-llosa-1.png","width":350,"height":100,"caption":"C\u00e1tedra Vargas Llosa"},"image":{"@id":"https:\/\/catedravargasllosa.org\/inicio\/#\/schema\/logo\/image\/"}},{"@type":"Person","@id":"https:\/\/catedravargasllosa.org\/inicio\/#\/schema\/person\/4e1d7c8d4832b652c6000893e764eeb2","name":"smacias","image":{"@type":"ImageObject","inLanguage":"es","@id":"https:\/\/catedravargasllosa.org\/inicio\/#\/schema\/person\/image\/","url":"https:\/\/secure.gravatar.com\/avatar\/5a4a44341385c763a0bf5df01267c7f21cc5e0270d36e5697ddcf11fe57ac551?s=96&d=mm&r=g","contentUrl":"https:\/\/secure.gravatar.com\/avatar\/5a4a44341385c763a0bf5df01267c7f21cc5e0270d36e5697ddcf11fe57ac551?s=96&d=mm&r=g","caption":"smacias"},"url":"https:\/\/catedravargasllosa.org\/inicio\/index.php\/author\/smacias\/"}]}},"_links":{"self":[{"href":"https:\/\/catedravargasllosa.org\/inicio\/index.php\/wp-json\/wp\/v2\/posts\/4518","targetHints":{"allow":["GET"]}}],"collection":[{"href":"https:\/\/catedravargasllosa.org\/inicio\/index.php\/wp-json\/wp\/v2\/posts"}],"about":[{"href":"https:\/\/catedravargasllosa.org\/inicio\/index.php\/wp-json\/wp\/v2\/types\/post"}],"author":[{"embeddable":true,"href":"https:\/\/catedravargasllosa.org\/inicio\/index.php\/wp-json\/wp\/v2\/users\/3"}],"replies":[{"embeddable":true,"href":"https:\/\/catedravargasllosa.org\/inicio\/index.php\/wp-json\/wp\/v2\/comments?post=4518"}],"version-history":[{"count":4,"href":"https:\/\/catedravargasllosa.org\/inicio\/index.php\/wp-json\/wp\/v2\/posts\/4518\/revisions"}],"predecessor-version":[{"id":4530,"href":"https:\/\/catedravargasllosa.org\/inicio\/index.php\/wp-json\/wp\/v2\/posts\/4518\/revisions\/4530"}],"wp:featuredmedia":[{"embeddable":true,"href":"https:\/\/catedravargasllosa.org\/inicio\/index.php\/wp-json\/wp\/v2\/media\/4519"}],"wp:attachment":[{"href":"https:\/\/catedravargasllosa.org\/inicio\/index.php\/wp-json\/wp\/v2\/media?parent=4518"}],"wp:term":[{"taxonomy":"category","embeddable":true,"href":"https:\/\/catedravargasllosa.org\/inicio\/index.php\/wp-json\/wp\/v2\/categories?post=4518"},{"taxonomy":"post_tag","embeddable":true,"href":"https:\/\/catedravargasllosa.org\/inicio\/index.php\/wp-json\/wp\/v2\/tags?post=4518"}],"curies":[{"name":"wp","href":"https:\/\/api.w.org\/{rel}","templated":true}]}}