{"id":3972,"date":"2025-11-26T15:58:38","date_gmt":"2025-11-26T15:58:38","guid":{"rendered":"https:\/\/catedravargasllosa.org\/inicio\/?p=3972"},"modified":"2025-12-05T15:43:34","modified_gmt":"2025-12-05T15:43:34","slug":"ganador-del-v-premio-de-periodismo-joven-carlos-alberto-montaner-26-de-junio-de-2025","status":"publish","type":"post","link":"https:\/\/catedravargasllosa.org\/inicio\/index.php\/2025\/11\/26\/ganador-del-v-premio-de-periodismo-joven-carlos-alberto-montaner-26-de-junio-de-2025\/","title":{"rendered":"Ganador del V Premio de Periodismo Joven \u00abCarlos Alberto Montaner\u00bb &#8211; 26 de noviembre de 2025"},"content":{"rendered":"\t\t<div data-elementor-type=\"wp-post\" data-elementor-id=\"3972\" class=\"elementor elementor-3972\" data-elementor-post-type=\"post\">\n\t\t\t\t<div class=\"elementor-element elementor-element-45cb663 e-flex e-con-boxed e-con e-parent\" data-id=\"45cb663\" data-element_type=\"container\">\n\t\t\t\t\t<div class=\"e-con-inner\">\n\t\t\t\t<div class=\"elementor-element elementor-element-a7821d9 elementor-widget elementor-widget-text-editor\" data-id=\"a7821d9\" data-element_type=\"widget\" data-widget_type=\"text-editor.default\">\n\t\t\t\t\t\t\t\t\t<p data-start=\"264\" data-end=\"607\">Atlas Network, el Centro Ricardo B. Salinas Pliego y la C\u00e1tedra Vargas Llosa anuncian como ganador de la quinta edici\u00f3n del Premio Periodismo Joven 2025 Carlos Alberto Montaner al periodista nicarag\u00fcense <strong>Wilfredo Miranda Aburto<\/strong>, por su sobresaliente trabajo <em data-start=\"522\" data-end=\"607\"><strong>Viaje a la frontera blindada de Donald Trump: \u201c\u00a1No vengan\u2026! o habr\u00e1 consecuencias\u201d<\/strong>.<\/em><\/p><p data-start=\"609\" data-end=\"973\">El galard\u00f3n, dotado con un premio de 10,000 d\u00f3lares americanos, destaca la excelencia, el rigor period\u00edstico, la consistencia \u00e9tica y la defensa de la libertad en el ejercicio del periodismo. El reportaje ganador trata de forma minuciosa y bajo diversas perspectivas la situaci\u00f3n y las consecuencias de las pol\u00edticas migratorias del gobierno de los Estados Unidos.<\/p><p data-start=\"975\" data-end=\"1497\">La decisi\u00f3n del jurado, compuesto por Gina Montaner, Ivabelle Arroyo, Arturo Fontaine, Roberto Salinas (representante de Atlas Network y del Centro Ricardo B. Salinas Pliego, con voz pero sin voto) y Ra\u00fal Tola (director de la C\u00e1tedra Vargas Llosa, con voz pero sin voto), se tom\u00f3 de forma un\u00e1nime, tras una reuni\u00f3n virtual dada el d\u00eda 21 de noviembre a las 18:00 horas. El jurado destac\u00f3 la enorme calidad de los trabajos recibidos, en particular de los diez finalistas entre los cuales se determin\u00f3 al ganador del premio:<\/p><p data-start=\"1499\" data-end=\"2291\">\u2022 <em data-start=\"1501\" data-end=\"1585\">Viaje a la frontera blindada de Donald Trump: \u201c\u00a1No vengan\u2026! o habr\u00e1 consecuencias\u201d<\/em>, de Wilfredo Miranda<br data-start=\"1606\" data-end=\"1609\" \/>\u2022 <em data-start=\"1611\" data-end=\"1715\">El rescate imposible de los mineros del Pinabete: \u201cYo no s\u00e9 por qu\u00e9 estoy vivo. Ah\u00ed nadie iba a vivir\u201d<\/em>, de Alejandro Santos Cid<br data-start=\"1740\" data-end=\"1743\" \/>\u2022 <em data-start=\"1745\" data-end=\"1805\">El yugo talib\u00e1n que asfixia a las mujeres en nombre de Al\u00e1<\/em>, de Carolina Garc\u00eda Mundi<br data-start=\"1831\" data-end=\"1834\" \/>\u2022 <em data-start=\"1836\" data-end=\"1868\">El verdadero coste de un misil<\/em>, de Alicia Alamillos<br data-start=\"1889\" data-end=\"1892\" \/>\u2022 <em data-start=\"1894\" data-end=\"1918\">El show debe continuar<\/em>, de Mateo Peraza<br data-start=\"1935\" data-end=\"1938\" \/>\u2022 <em data-start=\"1940\" data-end=\"2003\">Muertes en Puno: Los seis soldados que los aymaras a\u00fan lloran<\/em>, de Alba Rivas<br data-start=\"2018\" data-end=\"2021\" \/>\u2022 <em data-start=\"2023\" data-end=\"2075\">Sud\u00e1n del Sur: de pa\u00eds en guerra a pa\u00eds de acogida<\/em>, de \u00c8lia Borr\u00e0s<br data-start=\"2091\" data-end=\"2094\" \/>\u2022 <em data-start=\"2096\" data-end=\"2138\">El esp\u00eda arrepentido del Canal de Panam\u00e1<\/em>, de Daniel Molina<br data-start=\"2156\" data-end=\"2159\" \/>\u2022 <em data-start=\"2161\" data-end=\"2196\">La metr\u00f3poli de los desaparecidos<\/em>, de Ximena Arochi<br data-start=\"2214\" data-end=\"2217\" \/>\u2022 <em data-start=\"2219\" data-end=\"2274\">Concilio Maya: las pandillas pacificadoras de Yucat\u00e1n<\/em>, de Mateo Peraza<\/p><p data-start=\"2293\" data-end=\"2700\">Adem\u00e1s del trabajo ganador, el jurado decidi\u00f3 premiar con menciones honrosas a Alejandro Santos Cid (<em data-start=\"2394\" data-end=\"2498\">El rescate imposible de los mineros del Pinabete: \u201cYo no s\u00e9 por qu\u00e9 estoy vivo. Ah\u00ed nadie iba a vivir\u201d<\/em>), Carolina Garc\u00eda Mundi (<em data-start=\"2524\" data-end=\"2584\">El yugo talib\u00e1n que asfixia a las mujeres en nombre de Al\u00e1<\/em>) y Alicia Alamillos (<em data-start=\"2606\" data-end=\"2638\">El verdadero coste de un misil<\/em>), reconociendo as\u00ed la calidad y relevancia de sus reportajes.<\/p><p data-start=\"2702\" data-end=\"3134\">Tanto el jurado como las instituciones organizadoras agradecen a todos los periodistas que participaron en esta edici\u00f3n del premio. Adem\u00e1s, reconocen y destacan la calidad de las postulaciones recibidas, hecho que reafirma su compromiso por continuar con los esfuerzos por fomentar el trabajo de periodistas j\u00f3venes, comprometidos con la excelencia, el rigor period\u00edstico y la defensa de la libertad en el ejercicio de su profesi\u00f3n.<\/p><p data-start=\"2702\" data-end=\"3134\">Haga clic <a href=\"https:\/\/www.divergentes.com\/viaje-a-la-frontera-blindada-de-trump-no-vengan-o-habra-consecuencias\/\">aqu\u00ed<\/a> para consultar el trabajo ganador.\u00a0<\/p>\t\t\t\t\t\t\t\t<\/div>\n\t\t\t\t\t<\/div>\n\t\t\t\t<\/div>\n\t\t<div class=\"elementor-element elementor-element-235d6ee e-flex e-con-boxed e-con e-parent\" data-id=\"235d6ee\" data-element_type=\"container\">\n\t\t\t\t\t<div class=\"e-con-inner\">\n\t\t\t\t<div class=\"elementor-element elementor-element-2f54526 elementor-widget elementor-widget-image\" data-id=\"2f54526\" data-element_type=\"widget\" data-widget_type=\"image.default\">\n\t\t\t\t\t\t\t\t\t\t\t\t\t\t\t<img fetchpriority=\"high\" decoding=\"async\" width=\"2160\" height=\"2160\" src=\"https:\/\/catedravargasllosa.org\/inicio\/wp-content\/uploads\/2025\/11\/Posts-Catedra-3.png\" class=\"attachment-full size-full wp-image-3984\" alt=\"\" srcset=\"https:\/\/catedravargasllosa.org\/inicio\/wp-content\/uploads\/2025\/11\/Posts-Catedra-3.png 2160w, https:\/\/catedravargasllosa.org\/inicio\/wp-content\/uploads\/2025\/11\/Posts-Catedra-3-300x300.png 300w, https:\/\/catedravargasllosa.org\/inicio\/wp-content\/uploads\/2025\/11\/Posts-Catedra-3-1024x1024.png 1024w, https:\/\/catedravargasllosa.org\/inicio\/wp-content\/uploads\/2025\/11\/Posts-Catedra-3-150x150.png 150w, https:\/\/catedravargasllosa.org\/inicio\/wp-content\/uploads\/2025\/11\/Posts-Catedra-3-768x768.png 768w, https:\/\/catedravargasllosa.org\/inicio\/wp-content\/uploads\/2025\/11\/Posts-Catedra-3-1536x1536.png 1536w, https:\/\/catedravargasllosa.org\/inicio\/wp-content\/uploads\/2025\/11\/Posts-Catedra-3-2048x2048.png 2048w\" sizes=\"(max-width: 2160px) 100vw, 2160px\" \/>\t\t\t\t\t\t\t\t\t\t\t\t\t\t\t<\/div>\n\t\t\t\t\t<\/div>\n\t\t\t\t<\/div>\n\t\t\t\t<\/div>\n\t\t","protected":false},"excerpt":{"rendered":"<p>Atlas Network, el Centro Ricardo B. Salinas Pliego y la C\u00e1tedra Vargas Llosa anuncian como ganador de la quinta edici\u00f3n del Premio Periodismo Joven 2025 Carlos Alberto Montaner al periodista nicarag\u00fcense Wilfredo Miranda Aburto, por su sobresaliente trabajo Viaje a la frontera blindada de Donald Trump: \u201c\u00a1No vengan\u2026! o habr\u00e1 consecuencias\u201d. El galard\u00f3n, dotado con [&hellip;]<\/p>\n","protected":false},"author":3,"featured_media":3984,"comment_status":"open","ping_status":"open","sticky":false,"template":"","format":"standard","meta":{"_acf_changed":false,"footnotes":""},"categories":[21],"tags":[],"class_list":["post-3972","post","type-post","status-publish","format-standard","has-post-thumbnail","hentry","category-actividades-universidades"],"acf":[],"yoast_head":"<!-- This site is optimized with the Yoast SEO plugin v25.0 - https:\/\/yoast.com\/wordpress\/plugins\/seo\/ -->\n<title>Ganador del V Premio de Periodismo Joven &quot;Carlos Alberto Montaner&quot; - 26 de noviembre de 2025 - C\u00e1tedra Vargas Llosa<\/title>\n<meta name=\"robots\" content=\"index, follow, max-snippet:-1, max-image-preview:large, max-video-preview:-1\" \/>\n<link rel=\"canonical\" href=\"https:\/\/catedravargasllosa.org\/inicio\/index.php\/2025\/11\/26\/ganador-del-v-premio-de-periodismo-joven-carlos-alberto-montaner-26-de-junio-de-2025\/\" \/>\n<meta property=\"og:locale\" content=\"es_ES\" \/>\n<meta property=\"og:type\" content=\"article\" \/>\n<meta property=\"og:title\" content=\"Ganador del V Premio de Periodismo Joven &quot;Carlos Alberto Montaner&quot; - 26 de noviembre de 2025 - C\u00e1tedra Vargas Llosa\" \/>\n<meta property=\"og:description\" content=\"Atlas Network, el Centro Ricardo B. Salinas Pliego y la C\u00e1tedra Vargas Llosa anuncian como ganador de la quinta edici\u00f3n del Premio Periodismo Joven 2025 Carlos Alberto Montaner al periodista nicarag\u00fcense Wilfredo Miranda Aburto, por su sobresaliente trabajo Viaje a la frontera blindada de Donald Trump: \u201c\u00a1No vengan\u2026! o habr\u00e1 consecuencias\u201d. El galard\u00f3n, dotado con [&hellip;]\" \/>\n<meta property=\"og:url\" content=\"https:\/\/catedravargasllosa.org\/inicio\/index.php\/2025\/11\/26\/ganador-del-v-premio-de-periodismo-joven-carlos-alberto-montaner-26-de-junio-de-2025\/\" \/>\n<meta property=\"og:site_name\" content=\"C\u00e1tedra Vargas Llosa\" \/>\n<meta property=\"article:published_time\" content=\"2025-11-26T15:58:38+00:00\" \/>\n<meta property=\"article:modified_time\" content=\"2025-12-05T15:43:34+00:00\" \/>\n<meta property=\"og:image\" content=\"https:\/\/catedravargasllosa.org\/inicio\/wp-content\/uploads\/2025\/11\/Posts-Catedra-3.png\" \/>\n\t<meta property=\"og:image:width\" content=\"2160\" \/>\n\t<meta property=\"og:image:height\" content=\"2160\" \/>\n\t<meta property=\"og:image:type\" content=\"image\/png\" \/>\n<meta name=\"author\" content=\"smacias\" \/>\n<meta name=\"twitter:card\" content=\"summary_large_image\" \/>\n<meta name=\"twitter:label1\" content=\"Escrito por\" \/>\n\t<meta name=\"twitter:data1\" content=\"smacias\" \/>\n\t<meta name=\"twitter:label2\" content=\"Tiempo de lectura\" \/>\n\t<meta name=\"twitter:data2\" content=\"3 minutos\" \/>\n<script type=\"application\/ld+json\" class=\"yoast-schema-graph\">{\"@context\":\"https:\/\/schema.org\",\"@graph\":[{\"@type\":\"Article\",\"@id\":\"https:\/\/catedravargasllosa.org\/inicio\/index.php\/2025\/11\/26\/ganador-del-v-premio-de-periodismo-joven-carlos-alberto-montaner-26-de-junio-de-2025\/#article\",\"isPartOf\":{\"@id\":\"https:\/\/catedravargasllosa.org\/inicio\/index.php\/2025\/11\/26\/ganador-del-v-premio-de-periodismo-joven-carlos-alberto-montaner-26-de-junio-de-2025\/\"},\"author\":{\"name\":\"smacias\",\"@id\":\"https:\/\/catedravargasllosa.org\/inicio\/#\/schema\/person\/4e1d7c8d4832b652c6000893e764eeb2\"},\"headline\":\"Ganador del V Premio de Periodismo Joven \u00abCarlos Alberto Montaner\u00bb &#8211; 26 de noviembre de 2025\",\"datePublished\":\"2025-11-26T15:58:38+00:00\",\"dateModified\":\"2025-12-05T15:43:34+00:00\",\"mainEntityOfPage\":{\"@id\":\"https:\/\/catedravargasllosa.org\/inicio\/index.php\/2025\/11\/26\/ganador-del-v-premio-de-periodismo-joven-carlos-alberto-montaner-26-de-junio-de-2025\/\"},\"wordCount\":506,\"commentCount\":0,\"publisher\":{\"@id\":\"https:\/\/catedravargasllosa.org\/inicio\/#organization\"},\"image\":{\"@id\":\"https:\/\/catedravargasllosa.org\/inicio\/index.php\/2025\/11\/26\/ganador-del-v-premio-de-periodismo-joven-carlos-alberto-montaner-26-de-junio-de-2025\/#primaryimage\"},\"thumbnailUrl\":\"https:\/\/catedravargasllosa.org\/inicio\/wp-content\/uploads\/2025\/11\/Posts-Catedra-3.png\",\"articleSection\":[\"Actividades Universidades\"],\"inLanguage\":\"es\",\"potentialAction\":[{\"@type\":\"CommentAction\",\"name\":\"Comment\",\"target\":[\"https:\/\/catedravargasllosa.org\/inicio\/index.php\/2025\/11\/26\/ganador-del-v-premio-de-periodismo-joven-carlos-alberto-montaner-26-de-junio-de-2025\/#respond\"]}]},{\"@type\":\"WebPage\",\"@id\":\"https:\/\/catedravargasllosa.org\/inicio\/index.php\/2025\/11\/26\/ganador-del-v-premio-de-periodismo-joven-carlos-alberto-montaner-26-de-junio-de-2025\/\",\"url\":\"https:\/\/catedravargasllosa.org\/inicio\/index.php\/2025\/11\/26\/ganador-del-v-premio-de-periodismo-joven-carlos-alberto-montaner-26-de-junio-de-2025\/\",\"name\":\"Ganador del V Premio de Periodismo Joven \\\"Carlos Alberto Montaner\\\" - 26 de noviembre de 2025 - C\u00e1tedra Vargas Llosa\",\"isPartOf\":{\"@id\":\"https:\/\/catedravargasllosa.org\/inicio\/#website\"},\"primaryImageOfPage\":{\"@id\":\"https:\/\/catedravargasllosa.org\/inicio\/index.php\/2025\/11\/26\/ganador-del-v-premio-de-periodismo-joven-carlos-alberto-montaner-26-de-junio-de-2025\/#primaryimage\"},\"image\":{\"@id\":\"https:\/\/catedravargasllosa.org\/inicio\/index.php\/2025\/11\/26\/ganador-del-v-premio-de-periodismo-joven-carlos-alberto-montaner-26-de-junio-de-2025\/#primaryimage\"},\"thumbnailUrl\":\"https:\/\/catedravargasllosa.org\/inicio\/wp-content\/uploads\/2025\/11\/Posts-Catedra-3.png\",\"datePublished\":\"2025-11-26T15:58:38+00:00\",\"dateModified\":\"2025-12-05T15:43:34+00:00\",\"breadcrumb\":{\"@id\":\"https:\/\/catedravargasllosa.org\/inicio\/index.php\/2025\/11\/26\/ganador-del-v-premio-de-periodismo-joven-carlos-alberto-montaner-26-de-junio-de-2025\/#breadcrumb\"},\"inLanguage\":\"es\",\"potentialAction\":[{\"@type\":\"ReadAction\",\"target\":[\"https:\/\/catedravargasllosa.org\/inicio\/index.php\/2025\/11\/26\/ganador-del-v-premio-de-periodismo-joven-carlos-alberto-montaner-26-de-junio-de-2025\/\"]}]},{\"@type\":\"ImageObject\",\"inLanguage\":\"es\",\"@id\":\"https:\/\/catedravargasllosa.org\/inicio\/index.php\/2025\/11\/26\/ganador-del-v-premio-de-periodismo-joven-carlos-alberto-montaner-26-de-junio-de-2025\/#primaryimage\",\"url\":\"https:\/\/catedravargasllosa.org\/inicio\/wp-content\/uploads\/2025\/11\/Posts-Catedra-3.png\",\"contentUrl\":\"https:\/\/catedravargasllosa.org\/inicio\/wp-content\/uploads\/2025\/11\/Posts-Catedra-3.png\",\"width\":2160,\"height\":2160},{\"@type\":\"BreadcrumbList\",\"@id\":\"https:\/\/catedravargasllosa.org\/inicio\/index.php\/2025\/11\/26\/ganador-del-v-premio-de-periodismo-joven-carlos-alberto-montaner-26-de-junio-de-2025\/#breadcrumb\",\"itemListElement\":[{\"@type\":\"ListItem\",\"position\":1,\"name\":\"Portada\",\"item\":\"https:\/\/catedravargasllosa.org\/inicio\/\"},{\"@type\":\"ListItem\",\"position\":2,\"name\":\"Ganador del V Premio de Periodismo Joven \u00abCarlos Alberto Montaner\u00bb &#8211; 26 de noviembre de 2025\"}]},{\"@type\":\"WebSite\",\"@id\":\"https:\/\/catedravargasllosa.org\/inicio\/#website\",\"url\":\"https:\/\/catedravargasllosa.org\/inicio\/\",\"name\":\"C\u00e1tedra Vargas Llosa\",\"description\":\"Nuestro prop&oacute;sito es fomentar el estudio de la literatura contempor&aacute;nea\",\"publisher\":{\"@id\":\"https:\/\/catedravargasllosa.org\/inicio\/#organization\"},\"potentialAction\":[{\"@type\":\"SearchAction\",\"target\":{\"@type\":\"EntryPoint\",\"urlTemplate\":\"https:\/\/catedravargasllosa.org\/inicio\/?s={search_term_string}\"},\"query-input\":{\"@type\":\"PropertyValueSpecification\",\"valueRequired\":true,\"valueName\":\"search_term_string\"}}],\"inLanguage\":\"es\"},{\"@type\":\"Organization\",\"@id\":\"https:\/\/catedravargasllosa.org\/inicio\/#organization\",\"name\":\"C\u00e1tedra Vargas Llosa\",\"url\":\"https:\/\/catedravargasllosa.org\/inicio\/\",\"logo\":{\"@type\":\"ImageObject\",\"inLanguage\":\"es\",\"@id\":\"https:\/\/catedravargasllosa.org\/inicio\/#\/schema\/logo\/image\/\",\"url\":\"https:\/\/catedravargasllosa.org\/inicio\/wp-content\/uploads\/2024\/05\/cropped-logo-vargas-llosa-1.png\",\"contentUrl\":\"https:\/\/catedravargasllosa.org\/inicio\/wp-content\/uploads\/2024\/05\/cropped-logo-vargas-llosa-1.png\",\"width\":350,\"height\":100,\"caption\":\"C\u00e1tedra Vargas Llosa\"},\"image\":{\"@id\":\"https:\/\/catedravargasllosa.org\/inicio\/#\/schema\/logo\/image\/\"}},{\"@type\":\"Person\",\"@id\":\"https:\/\/catedravargasllosa.org\/inicio\/#\/schema\/person\/4e1d7c8d4832b652c6000893e764eeb2\",\"name\":\"smacias\",\"image\":{\"@type\":\"ImageObject\",\"inLanguage\":\"es\",\"@id\":\"https:\/\/catedravargasllosa.org\/inicio\/#\/schema\/person\/image\/\",\"url\":\"https:\/\/secure.gravatar.com\/avatar\/5a4a44341385c763a0bf5df01267c7f21cc5e0270d36e5697ddcf11fe57ac551?s=96&d=mm&r=g\",\"contentUrl\":\"https:\/\/secure.gravatar.com\/avatar\/5a4a44341385c763a0bf5df01267c7f21cc5e0270d36e5697ddcf11fe57ac551?s=96&d=mm&r=g\",\"caption\":\"smacias\"},\"url\":\"https:\/\/catedravargasllosa.org\/inicio\/index.php\/author\/smacias\/\"}]}<\/script>\n<!-- \/ Yoast SEO plugin. -->","yoast_head_json":{"title":"Ganador del V Premio de Periodismo Joven \"Carlos Alberto Montaner\" - 26 de noviembre de 2025 - C\u00e1tedra Vargas Llosa","robots":{"index":"index","follow":"follow","max-snippet":"max-snippet:-1","max-image-preview":"max-image-preview:large","max-video-preview":"max-video-preview:-1"},"canonical":"https:\/\/catedravargasllosa.org\/inicio\/index.php\/2025\/11\/26\/ganador-del-v-premio-de-periodismo-joven-carlos-alberto-montaner-26-de-junio-de-2025\/","og_locale":"es_ES","og_type":"article","og_title":"Ganador del V Premio de Periodismo Joven \"Carlos Alberto Montaner\" - 26 de noviembre de 2025 - C\u00e1tedra Vargas Llosa","og_description":"Atlas Network, el Centro Ricardo B. Salinas Pliego y la C\u00e1tedra Vargas Llosa anuncian como ganador de la quinta edici\u00f3n del Premio Periodismo Joven 2025 Carlos Alberto Montaner al periodista nicarag\u00fcense Wilfredo Miranda Aburto, por su sobresaliente trabajo Viaje a la frontera blindada de Donald Trump: \u201c\u00a1No vengan\u2026! o habr\u00e1 consecuencias\u201d. El galard\u00f3n, dotado con [&hellip;]","og_url":"https:\/\/catedravargasllosa.org\/inicio\/index.php\/2025\/11\/26\/ganador-del-v-premio-de-periodismo-joven-carlos-alberto-montaner-26-de-junio-de-2025\/","og_site_name":"C\u00e1tedra Vargas Llosa","article_published_time":"2025-11-26T15:58:38+00:00","article_modified_time":"2025-12-05T15:43:34+00:00","og_image":[{"width":2160,"height":2160,"url":"https:\/\/catedravargasllosa.org\/inicio\/wp-content\/uploads\/2025\/11\/Posts-Catedra-3.png","type":"image\/png"}],"author":"smacias","twitter_card":"summary_large_image","twitter_misc":{"Escrito por":"smacias","Tiempo de lectura":"3 minutos"},"schema":{"@context":"https:\/\/schema.org","@graph":[{"@type":"Article","@id":"https:\/\/catedravargasllosa.org\/inicio\/index.php\/2025\/11\/26\/ganador-del-v-premio-de-periodismo-joven-carlos-alberto-montaner-26-de-junio-de-2025\/#article","isPartOf":{"@id":"https:\/\/catedravargasllosa.org\/inicio\/index.php\/2025\/11\/26\/ganador-del-v-premio-de-periodismo-joven-carlos-alberto-montaner-26-de-junio-de-2025\/"},"author":{"name":"smacias","@id":"https:\/\/catedravargasllosa.org\/inicio\/#\/schema\/person\/4e1d7c8d4832b652c6000893e764eeb2"},"headline":"Ganador del V Premio de Periodismo Joven \u00abCarlos Alberto Montaner\u00bb &#8211; 26 de noviembre de 2025","datePublished":"2025-11-26T15:58:38+00:00","dateModified":"2025-12-05T15:43:34+00:00","mainEntityOfPage":{"@id":"https:\/\/catedravargasllosa.org\/inicio\/index.php\/2025\/11\/26\/ganador-del-v-premio-de-periodismo-joven-carlos-alberto-montaner-26-de-junio-de-2025\/"},"wordCount":506,"commentCount":0,"publisher":{"@id":"https:\/\/catedravargasllosa.org\/inicio\/#organization"},"image":{"@id":"https:\/\/catedravargasllosa.org\/inicio\/index.php\/2025\/11\/26\/ganador-del-v-premio-de-periodismo-joven-carlos-alberto-montaner-26-de-junio-de-2025\/#primaryimage"},"thumbnailUrl":"https:\/\/catedravargasllosa.org\/inicio\/wp-content\/uploads\/2025\/11\/Posts-Catedra-3.png","articleSection":["Actividades Universidades"],"inLanguage":"es","potentialAction":[{"@type":"CommentAction","name":"Comment","target":["https:\/\/catedravargasllosa.org\/inicio\/index.php\/2025\/11\/26\/ganador-del-v-premio-de-periodismo-joven-carlos-alberto-montaner-26-de-junio-de-2025\/#respond"]}]},{"@type":"WebPage","@id":"https:\/\/catedravargasllosa.org\/inicio\/index.php\/2025\/11\/26\/ganador-del-v-premio-de-periodismo-joven-carlos-alberto-montaner-26-de-junio-de-2025\/","url":"https:\/\/catedravargasllosa.org\/inicio\/index.php\/2025\/11\/26\/ganador-del-v-premio-de-periodismo-joven-carlos-alberto-montaner-26-de-junio-de-2025\/","name":"Ganador del V Premio de Periodismo Joven \"Carlos Alberto Montaner\" - 26 de noviembre de 2025 - C\u00e1tedra Vargas Llosa","isPartOf":{"@id":"https:\/\/catedravargasllosa.org\/inicio\/#website"},"primaryImageOfPage":{"@id":"https:\/\/catedravargasllosa.org\/inicio\/index.php\/2025\/11\/26\/ganador-del-v-premio-de-periodismo-joven-carlos-alberto-montaner-26-de-junio-de-2025\/#primaryimage"},"image":{"@id":"https:\/\/catedravargasllosa.org\/inicio\/index.php\/2025\/11\/26\/ganador-del-v-premio-de-periodismo-joven-carlos-alberto-montaner-26-de-junio-de-2025\/#primaryimage"},"thumbnailUrl":"https:\/\/catedravargasllosa.org\/inicio\/wp-content\/uploads\/2025\/11\/Posts-Catedra-3.png","datePublished":"2025-11-26T15:58:38+00:00","dateModified":"2025-12-05T15:43:34+00:00","breadcrumb":{"@id":"https:\/\/catedravargasllosa.org\/inicio\/index.php\/2025\/11\/26\/ganador-del-v-premio-de-periodismo-joven-carlos-alberto-montaner-26-de-junio-de-2025\/#breadcrumb"},"inLanguage":"es","potentialAction":[{"@type":"ReadAction","target":["https:\/\/catedravargasllosa.org\/inicio\/index.php\/2025\/11\/26\/ganador-del-v-premio-de-periodismo-joven-carlos-alberto-montaner-26-de-junio-de-2025\/"]}]},{"@type":"ImageObject","inLanguage":"es","@id":"https:\/\/catedravargasllosa.org\/inicio\/index.php\/2025\/11\/26\/ganador-del-v-premio-de-periodismo-joven-carlos-alberto-montaner-26-de-junio-de-2025\/#primaryimage","url":"https:\/\/catedravargasllosa.org\/inicio\/wp-content\/uploads\/2025\/11\/Posts-Catedra-3.png","contentUrl":"https:\/\/catedravargasllosa.org\/inicio\/wp-content\/uploads\/2025\/11\/Posts-Catedra-3.png","width":2160,"height":2160},{"@type":"BreadcrumbList","@id":"https:\/\/catedravargasllosa.org\/inicio\/index.php\/2025\/11\/26\/ganador-del-v-premio-de-periodismo-joven-carlos-alberto-montaner-26-de-junio-de-2025\/#breadcrumb","itemListElement":[{"@type":"ListItem","position":1,"name":"Portada","item":"https:\/\/catedravargasllosa.org\/inicio\/"},{"@type":"ListItem","position":2,"name":"Ganador del V Premio de Periodismo Joven \u00abCarlos Alberto Montaner\u00bb &#8211; 26 de noviembre de 2025"}]},{"@type":"WebSite","@id":"https:\/\/catedravargasllosa.org\/inicio\/#website","url":"https:\/\/catedravargasllosa.org\/inicio\/","name":"C\u00e1tedra Vargas Llosa","description":"Nuestro prop&oacute;sito es fomentar el estudio de la literatura contempor&aacute;nea","publisher":{"@id":"https:\/\/catedravargasllosa.org\/inicio\/#organization"},"potentialAction":[{"@type":"SearchAction","target":{"@type":"EntryPoint","urlTemplate":"https:\/\/catedravargasllosa.org\/inicio\/?s={search_term_string}"},"query-input":{"@type":"PropertyValueSpecification","valueRequired":true,"valueName":"search_term_string"}}],"inLanguage":"es"},{"@type":"Organization","@id":"https:\/\/catedravargasllosa.org\/inicio\/#organization","name":"C\u00e1tedra Vargas Llosa","url":"https:\/\/catedravargasllosa.org\/inicio\/","logo":{"@type":"ImageObject","inLanguage":"es","@id":"https:\/\/catedravargasllosa.org\/inicio\/#\/schema\/logo\/image\/","url":"https:\/\/catedravargasllosa.org\/inicio\/wp-content\/uploads\/2024\/05\/cropped-logo-vargas-llosa-1.png","contentUrl":"https:\/\/catedravargasllosa.org\/inicio\/wp-content\/uploads\/2024\/05\/cropped-logo-vargas-llosa-1.png","width":350,"height":100,"caption":"C\u00e1tedra Vargas Llosa"},"image":{"@id":"https:\/\/catedravargasllosa.org\/inicio\/#\/schema\/logo\/image\/"}},{"@type":"Person","@id":"https:\/\/catedravargasllosa.org\/inicio\/#\/schema\/person\/4e1d7c8d4832b652c6000893e764eeb2","name":"smacias","image":{"@type":"ImageObject","inLanguage":"es","@id":"https:\/\/catedravargasllosa.org\/inicio\/#\/schema\/person\/image\/","url":"https:\/\/secure.gravatar.com\/avatar\/5a4a44341385c763a0bf5df01267c7f21cc5e0270d36e5697ddcf11fe57ac551?s=96&d=mm&r=g","contentUrl":"https:\/\/secure.gravatar.com\/avatar\/5a4a44341385c763a0bf5df01267c7f21cc5e0270d36e5697ddcf11fe57ac551?s=96&d=mm&r=g","caption":"smacias"},"url":"https:\/\/catedravargasllosa.org\/inicio\/index.php\/author\/smacias\/"}]}},"_links":{"self":[{"href":"https:\/\/catedravargasllosa.org\/inicio\/index.php\/wp-json\/wp\/v2\/posts\/3972","targetHints":{"allow":["GET"]}}],"collection":[{"href":"https:\/\/catedravargasllosa.org\/inicio\/index.php\/wp-json\/wp\/v2\/posts"}],"about":[{"href":"https:\/\/catedravargasllosa.org\/inicio\/index.php\/wp-json\/wp\/v2\/types\/post"}],"author":[{"embeddable":true,"href":"https:\/\/catedravargasllosa.org\/inicio\/index.php\/wp-json\/wp\/v2\/users\/3"}],"replies":[{"embeddable":true,"href":"https:\/\/catedravargasllosa.org\/inicio\/index.php\/wp-json\/wp\/v2\/comments?post=3972"}],"version-history":[{"count":11,"href":"https:\/\/catedravargasllosa.org\/inicio\/index.php\/wp-json\/wp\/v2\/posts\/3972\/revisions"}],"predecessor-version":[{"id":4067,"href":"https:\/\/catedravargasllosa.org\/inicio\/index.php\/wp-json\/wp\/v2\/posts\/3972\/revisions\/4067"}],"wp:featuredmedia":[{"embeddable":true,"href":"https:\/\/catedravargasllosa.org\/inicio\/index.php\/wp-json\/wp\/v2\/media\/3984"}],"wp:attachment":[{"href":"https:\/\/catedravargasllosa.org\/inicio\/index.php\/wp-json\/wp\/v2\/media?parent=3972"}],"wp:term":[{"taxonomy":"category","embeddable":true,"href":"https:\/\/catedravargasllosa.org\/inicio\/index.php\/wp-json\/wp\/v2\/categories?post=3972"},{"taxonomy":"post_tag","embeddable":true,"href":"https:\/\/catedravargasllosa.org\/inicio\/index.php\/wp-json\/wp\/v2\/tags?post=3972"}],"curies":[{"name":"wp","href":"https:\/\/api.w.org\/{rel}","templated":true}]}}