{"id":3350,"date":"2025-09-03T15:44:23","date_gmt":"2025-09-03T15:44:23","guid":{"rendered":"https:\/\/catedravargasllosa.org\/inicio\/?p=3350"},"modified":"2025-10-23T15:58:30","modified_gmt":"2025-10-23T15:58:30","slug":"programa-de-la-vi-bienal-mario-vargas-llosa","status":"publish","type":"post","link":"https:\/\/catedravargasllosa.org\/inicio\/index.php\/2025\/09\/03\/programa-de-la-vi-bienal-mario-vargas-llosa\/","title":{"rendered":"Programa de la VI Bienal Mario Vargas Llosa"},"content":{"rendered":"\t\t<div data-elementor-type=\"wp-post\" data-elementor-id=\"3350\" class=\"elementor elementor-3350\" data-elementor-post-type=\"post\">\n\t\t\t\t<div class=\"elementor-element elementor-element-f7bece0 e-flex e-con-boxed e-con e-parent\" data-id=\"f7bece0\" data-element_type=\"container\">\n\t\t\t\t\t<div class=\"e-con-inner\">\n\t\t\t\t<div class=\"elementor-element elementor-element-586969e elementor-widget elementor-widget-spacer\" data-id=\"586969e\" data-element_type=\"widget\" data-widget_type=\"spacer.default\">\n\t\t\t\t\t\t\t<div class=\"elementor-spacer\">\n\t\t\t<div class=\"elementor-spacer-inner\"><\/div>\n\t\t<\/div>\n\t\t\t\t\t\t<\/div>\n\t\t\t\t<div class=\"elementor-element elementor-element-4ea3df1 elementor-widget elementor-widget-spacer\" data-id=\"4ea3df1\" data-element_type=\"widget\" data-widget_type=\"spacer.default\">\n\t\t\t\t\t\t\t<div class=\"elementor-spacer\">\n\t\t\t<div class=\"elementor-spacer-inner\"><\/div>\n\t\t<\/div>\n\t\t\t\t\t\t<\/div>\n\t\t\t\t<div class=\"elementor-element elementor-element-0364d49 elementor-widget elementor-widget-text-editor\" data-id=\"0364d49\" data-element_type=\"widget\" data-widget_type=\"text-editor.default\">\n\t\t\t\t\t\t\t\t\t<p>Programaci\u00f3n<\/p><p>VI Bienal Vargas Llosa<\/p>\t\t\t\t\t\t\t\t<\/div>\n\t\t\t\t<div class=\"elementor-element elementor-element-b59bc2f elementor-widget elementor-widget-spacer\" data-id=\"b59bc2f\" data-element_type=\"widget\" data-widget_type=\"spacer.default\">\n\t\t\t\t\t\t\t<div class=\"elementor-spacer\">\n\t\t\t<div class=\"elementor-spacer-inner\"><\/div>\n\t\t<\/div>\n\t\t\t\t\t\t<\/div>\n\t\t\t\t<div class=\"elementor-element elementor-element-2c199c6 elementor-widget elementor-widget-text-editor\" data-id=\"2c199c6\" data-element_type=\"widget\" data-widget_type=\"text-editor.default\">\n\t\t\t\t\t\t\t\t\t<p style=\"text-align: center;\"><strong><em>Entrada libre hasta completar aforo<\/em><\/strong><\/p>\t\t\t\t\t\t\t\t<\/div>\n\t\t\t\t<div class=\"elementor-element elementor-element-4996908 elementor-widget elementor-widget-spacer\" data-id=\"4996908\" data-element_type=\"widget\" data-widget_type=\"spacer.default\">\n\t\t\t\t\t\t\t<div class=\"elementor-spacer\">\n\t\t\t<div class=\"elementor-spacer-inner\"><\/div>\n\t\t<\/div>\n\t\t\t\t\t\t<\/div>\n\t\t\t\t<div class=\"elementor-element elementor-element-4d46a59 elementor-widget elementor-widget-text-editor\" data-id=\"4d46a59\" data-element_type=\"widget\" data-widget_type=\"text-editor.default\">\n\t\t\t\t\t\t\t\t\t<p>C\u00e1ceres<\/p>\t\t\t\t\t\t\t\t<\/div>\n\t\t\t\t<div class=\"elementor-element elementor-element-43daff8 elementor-widget elementor-widget-spacer\" data-id=\"43daff8\" data-element_type=\"widget\" data-widget_type=\"spacer.default\">\n\t\t\t\t\t\t\t<div class=\"elementor-spacer\">\n\t\t\t<div class=\"elementor-spacer-inner\"><\/div>\n\t\t<\/div>\n\t\t\t\t\t\t<\/div>\n\t\t\t\t<div class=\"elementor-element elementor-element-73b76d4 elementor-widget elementor-widget-text-editor\" data-id=\"73b76d4\" data-element_type=\"widget\" data-widget_type=\"text-editor.default\">\n\t\t\t\t\t\t\t\t\t<p style=\"text-align: center;\"><strong>Mi\u00e9rcoles, 22 de octubre de 2025<\/strong><\/p><p>\u00a0<\/p><p>\u00a0<\/p><p>18:00<\/p><p><strong>Acto de inauguraci\u00f3n<\/strong> (Gran Teatro &#8211; C. San Ant\u00f3n, 10, Centro-Casco Antiguo)<\/p><p><em>Presenta: Marta Fern\u00e1ndez.<\/em><\/p><p>\u00a0<\/p><p>18:30<\/p><p><strong>Conversaci\u00f3n entre los 6 finalistas<\/strong> (Gran Teatro &#8211; C. San Ant\u00f3n, 10, Centro-Casco Antiguo)<\/p><p><em>Intervienen: Gioconda Belli, Gustavo Faver\u00f3n, Ignacio Mart\u00ednez de Pis\u00f3n, Pola Oloixarac, Sergio Ram\u00edrez y David Ucl\u00e9s. Modera: Ra\u00fal Tola.<\/em><\/p><p>\u00a0<\/p><p>20:00<\/p><p><strong>Mario, un pez en el agua. Paseo por la memoria de Vargas Llosa<\/strong> (Gran Teatro &#8211; C. San Ant\u00f3n, 10, Centro-Casco Antiguo)<\/p><p><em>Presenta: \u00c1lvaro Vargas Llosa. Direcci\u00f3n y adaptaci\u00f3n: Edu Gal\u00e1n. Intervienen: Ana Bel\u00e9n, \u00c1ngeles Mastretta, Mag\u00fci Mira, Ayanta Barilli, Juan Cruz, Juan Gabriel V\u00e1squez, Ra\u00fal Tola, Pilar Reyes, Karina Sainz Borgo e intervenci\u00f3n grabada de Joaqu\u00edn Sabina y Aitana S\u00e1nchez-Gij\u00f3n.<\/em><\/p><p>\u00a0<\/p><p>\u00a0<\/p><p style=\"text-align: center;\"><strong>Jueves, 23 de octubre de 2025<\/strong><\/p><p>\u00a0<\/p><p>\u00a0<\/p><p>12:30<\/p><p><strong>El trabajo del editor<\/strong> (Fundaci\u00f3n Tatiana &#8211; Pl. de los Golfines, 1, Centro-Casco Antiguo)<\/p><p><em>Intervienen: Silvia Ses\u00e9, Pilar Reyes, Gustavo Guerrero y Paca Flores. Modera: Valerie Miles.<\/em><\/p><p>\u00a0<\/p><p>17:00<\/p><p><strong>La cr\u00f3nica como puente entre literatura y periodismo<\/strong> (Fundaci\u00f3n Tatiana &#8211; Pl. de los Golfines, 1, Centro-Casco Antiguo)<\/p><p><em>Intervienen: Manuel Hidalgo y Juan Cruz. Modera: Leandro P\u00e9rez.<\/em><\/p><p>\u00a0<\/p><p>17:30<\/p><p><strong>Firma de Libros<\/strong> (Libreria La Puerta de Tannh\u00e4usser &#8211; C. Roso de Luna, 7)<\/p><p><em>Interviene: Gioconda Belli.<\/em><\/p><p>\u00a0<\/p><p>18:30<\/p><p><strong>El escritor y los medios<\/strong> (Gran Teatro &#8211; C. San Ant\u00f3n, 10, Centro-Casco Antiguo)<\/p><p><em> Intervienen: Juan Soto Ivars y Juan Manuel de Prada. Modera: Mar\u00eda Jos\u00e9 Solano.<\/em><\/p><p>\u00a0<\/p><p>20:00<\/p><p><strong>Espect\u00e1culo: Po\u00e9tica Contempor\u00e1nea<\/strong> (Helga de Alvear &#8211; Calle Pizarro, 10, Calle del Cmo Llano, s\/n)<\/p><p><em>Artistas: Elsa Moreno, Juan Carlos Panduro, Ruise\u00f1ora y Violeta Gil. Coordinaci\u00f3n: Festival Poetas.<\/em><\/p><p>\u00a0<\/p><p>20:30<\/p><p><strong>Las preguntas de la vida<\/strong> (Gran Teatro &#8211; C. San Ant\u00f3n, 10, Centro-Casco Antiguo)<\/p><p><em>Intervienen: Fernando Savater, Andr\u00e9s Trapiello y Juan Gabriel V\u00e1squez. Modera: Ricardo Cayuela.<\/em><\/p><p>\u00a0<\/p><p>\u00a0<\/p><p style=\"text-align: center;\"><strong>Viernes, 24 de octubre de 2025<\/strong><\/p><p>\u00a0<\/p><p>\u00a0<\/p><p>12:30<\/p><p><strong>La feria del libro: ese gran punto de encuentro<\/strong> (Fundaci\u00f3n Tatiana &#8211; Pl. de los Golfines, 1, Centro-Casco Antiguo)<\/p><p><em>Intervienen: Ezequiel Mart\u00ednez, Eva Or\u00fae y Jos\u00e9 Antonio Casablanca. Modera: Cristina Fuentes.<\/em><\/p><p>\u00a0<\/p><p>18:30<\/p><p><strong>Narrativas period\u00edsticas en la Espa\u00f1a de hoy<\/strong>\u00a0(Gran Teatro &#8211; C. San Ant\u00f3n, 10, Centro-Casco Antiguo)<\/p><p><em>Intervienen: Marta San Miguel y Juli\u00e1n Quir\u00f3s. Modera: Juan Zafra.<\/em><\/p><p>\u00a0<\/p><p>20:30<\/p><p><strong>El ensayo pol\u00edtico, entre el periodismo y la pol\u00edtica<\/strong>\u00a0(Gran Teatro &#8211; C. San Ant\u00f3n, 10, Centro-Casco Antiguo)<\/p><p><em>Intervienen: Jorge Bustos, M\u00e1riam Mart\u00ednez Bascu\u00f1\u00e1n, Diego Garrocho. Modera: Teodoro Le\u00f3n Gross.<\/em><\/p><p>\u00a0<\/p><p>\u00a0<\/p><p style=\"text-align: center;\"><strong>S\u00e1bado, 25 de octubre de 2025<\/strong><\/p><p>\u00a0<\/p><p>\u00a0<\/p><p>10:30<\/p><p><strong>Actividad con Clubes de Lectura Extreme\u00f1os<\/strong> (Gran Teatro &#8211; C. San Ant\u00f3n, 10, Centro-Casco Antiguo)<\/p><p><em>Entrevista a S\u00e1nchez Adalid. Modera: Myriam Navas.<\/em><\/p><p>\u00a0<\/p><p>11:30<\/p><p><strong>Actuaci\u00f3n musical<\/strong> (Gran Teatro &#8211; C. San Ant\u00f3n, 10, Centro-Casco Antiguo)<\/p><p><em>Artista: Tr\u00edo Van Hoboken.<\/em><\/p><p>\u00a0<\/p><p>12:00<\/p><p><strong>Firma de Libros<\/strong> (Gran Teatro &#8211; C. San Ant\u00f3n, 10, Centro-Casco Antiguo)<\/p><p><em>Intervienen: Gioconda Belli, Gustavo Faver\u00f3n, Ignacio Mart\u00ednez de Pis\u00f3n, Pola Oloixarac, Sergio Ram\u00edrez y David Ucl\u00e9s.<\/em><\/p><p>\u00a0<\/p><p>13:00<\/p><p><strong>Del libro a la pantalla<\/strong> (Gran Teatro &#8211; C. San Ant\u00f3n, 10, Centro-Casco Antiguo)<\/p><p><em>Intervienen: Antonio Soler y Luis Alberto de Cuenca. Modera: Mar\u00eda Jos\u00e9 Solano.<\/em><\/p><p>\u00a0<\/p><p>17:00<\/p><p><strong>Futuro de la narrativa h\u00edbrida<\/strong> (Fundaci\u00f3n Tatiana &#8211; Pl. de los Golfines, 1, Centro-Casco Antiguo)<\/p><p><em>Intervienen: \u00c1ngel Luis Fern\u00e1ndez, Elena Herrero y Jordi Amat. Modera: Juan Zafra.<\/em><\/p><p>\u00a0<\/p><p>18:30<\/p><p><strong>Voces discordantes: medios y outsiders<\/strong> (Gran Teatro &#8211; C. San Ant\u00f3n, 10, Centro-Casco Antiguo)<\/p><p><em>Intervienen: Juan Luis Cebri\u00e1n y \u00c1lvaro Vargas Llosa, Modera: Rub\u00e9n Am\u00f3n.<\/em><\/p><p>\u00a0<\/p><p>20:30<\/p><p><strong>Clausura de la VI Bienal Mario Vargas Llosa <\/strong>(Gran Teatro &#8211; C. San Ant\u00f3n, 10, Centro-Casco Antiguo)<\/p><p>\u00a0<\/p><p>Las ense\u00f1anzas de Vargas Llosa<\/p><p><em>Intervienen \u00c1ngeles Mastretta, H\u00e9ctor Abad. Modera: Gina Montaner.<\/em><\/p><p>\u00a0<\/p><p>Entrega del Premio de Novela<\/p><p><em>Intervienen: Gioconda Belli, Gustavo Faver\u00f3n, Ignacio Mart\u00ednez de Pis\u00f3n, Pola Oloixarac, Sergio Ram\u00edrez y David Ucl\u00e9s.<\/em><\/p><p><em>Premio de 100.000$ a la mejor novela publicada en espa\u00f1ol en los dos \u00faltimos a\u00f1os.<\/em><\/p>\t\t\t\t\t\t\t\t<\/div>\n\t\t\t\t\t<\/div>\n\t\t\t\t<\/div>\n\t\t<div class=\"elementor-element elementor-element-a7dc275 e-flex e-con-boxed e-con e-parent\" data-id=\"a7dc275\" data-element_type=\"container\">\n\t\t\t\t\t<div class=\"e-con-inner\">\n\t\t\t\t<div class=\"elementor-element elementor-element-d97a9b7 elementor-widget elementor-widget-spacer\" data-id=\"d97a9b7\" data-element_type=\"widget\" data-widget_type=\"spacer.default\">\n\t\t\t\t\t\t\t<div class=\"elementor-spacer\">\n\t\t\t<div class=\"elementor-spacer-inner\"><\/div>\n\t\t<\/div>\n\t\t\t\t\t\t<\/div>\n\t\t\t\t<div class=\"elementor-element elementor-element-9df40a8 elementor-widget elementor-widget-text-editor\" data-id=\"9df40a8\" data-element_type=\"widget\" data-widget_type=\"text-editor.default\">\n\t\t\t\t\t\t\t\t\t<p>Badajoz<\/p>\t\t\t\t\t\t\t\t<\/div>\n\t\t\t\t<div class=\"elementor-element elementor-element-7fd181d elementor-widget elementor-widget-spacer\" data-id=\"7fd181d\" data-element_type=\"widget\" data-widget_type=\"spacer.default\">\n\t\t\t\t\t\t\t<div class=\"elementor-spacer\">\n\t\t\t<div class=\"elementor-spacer-inner\"><\/div>\n\t\t<\/div>\n\t\t\t\t\t\t<\/div>\n\t\t\t\t<div class=\"elementor-element elementor-element-9c1ae59 elementor-widget elementor-widget-text-editor\" data-id=\"9c1ae59\" data-element_type=\"widget\" data-widget_type=\"text-editor.default\">\n\t\t\t\t\t\t\t\t\t<p style=\"text-align: center;\"><strong>Jueves, 23 de octubre de 2025<\/strong><\/p><p>\u00a0<\/p><p>\u00a0<\/p><p>17:30<\/p><p><strong>Firma de Libros<\/strong> (Librer\u00eda Tusitala &#8211; Mel\u00e9ndez Vald\u00e9s, 6)<\/p><p><em>Interviene: Ignacio Mart\u00ednez de Pis\u00f3n.<\/em><\/p><p>\u00a0<\/p><p>19:00<\/p><p><strong>El futuro de la novela hist\u00f3rica: \u00e9xito, rigor y cine<\/strong> (<span style=\"font-weight: 400;\">Iglesia Santa Catalina &#8211; Plaza de Santa, s\/n<\/span>)<\/p><p>Intervienen: Mar\u00eda Reig, Jes\u00fas S\u00e1nchez Adalid y Santiago Mazarro. Modera: Isabel San Sebasti\u00e1n.<\/p><p>\u00a0<\/p><p>20:00<\/p><p><strong>Concierto de la Orquesta de Extremadura<\/strong> (<span style=\"font-weight: 400;\">Palacio de Congresos de Badajoz &#8211; Rda. del Pilar, s\/n)<\/span><\/p><p><em>Obras de Jimmy L\u00f3pez, Stravinski y Aaron Copland.<\/em><\/p><p>\u00a0<\/p><p>\u00a0<\/p><p style=\"text-align: center;\"><strong>Viernes, 24 de octubre de 2025<\/strong><\/p><p>\u00a0<\/p><p>\u00a0<\/p><p>17:30<\/p><p><strong>Firma de Libros<\/strong> (Librer\u00eda Col\u00f3n &#8211; Av. Santa Marina, 5)<\/p><p><em>Interviene: David \u00dacles.<\/em><\/p><p>\u00a0<\/p><p>19:00<\/p><p><strong>Espa\u00f1a en la novela hist\u00f3rica hispanoamericana; Hispanoam\u00e9rica en la novela hist\u00f3rica espa\u00f1ola<\/strong>\u00a0(<span style=\"font-weight: 400;\">Iglesia Santa Catalina &#8211; Plaza de Santa, s\/n<\/span>)<\/p><p><em>Intervienen: Laura Mart\u00ednez-Belli y Fernando Iwasaki. Modera: Antonio P\u00e9rez Henares.<\/em><\/p><p>\u00a0<\/p><p>20:00<\/p><p><strong>Novela hist\u00f3rica: \u00bfun compromiso moral con la sociedad?<\/strong> (<span style=\"font-weight: 400;\">Iglesia Santa Catalina &#8211; Plaza de Santa, s\/n<\/span>)<\/p><p><em>Intervienen: Antonio P\u00e9rez Henares e Isabel San Sebasti\u00e1n, Modera: Ferm\u00edn Bocos.<\/em><\/p>\t\t\t\t\t\t\t\t<\/div>\n\t\t\t\t<div class=\"elementor-element elementor-element-725da60 elementor-widget elementor-widget-spacer\" data-id=\"725da60\" data-element_type=\"widget\" data-widget_type=\"spacer.default\">\n\t\t\t\t\t\t\t<div class=\"elementor-spacer\">\n\t\t\t<div class=\"elementor-spacer-inner\"><\/div>\n\t\t<\/div>\n\t\t\t\t\t\t<\/div>\n\t\t\t\t<div class=\"elementor-element elementor-element-0761f32 elementor-widget elementor-widget-text-editor\" data-id=\"0761f32\" data-element_type=\"widget\" data-widget_type=\"text-editor.default\">\n\t\t\t\t\t\t\t\t\t<p>Trujillo<\/p>\t\t\t\t\t\t\t\t<\/div>\n\t\t\t\t<div class=\"elementor-element elementor-element-b6e1925 elementor-widget elementor-widget-spacer\" data-id=\"b6e1925\" data-element_type=\"widget\" data-widget_type=\"spacer.default\">\n\t\t\t\t\t\t\t<div class=\"elementor-spacer\">\n\t\t\t<div class=\"elementor-spacer-inner\"><\/div>\n\t\t<\/div>\n\t\t\t\t\t\t<\/div>\n\t\t\t\t<div class=\"elementor-element elementor-element-075a907 elementor-widget elementor-widget-text-editor\" data-id=\"075a907\" data-element_type=\"widget\" data-widget_type=\"text-editor.default\">\n\t\t\t\t\t\t\t\t\t<p style=\"text-align: center;\"><strong>Jueves, 23 de octubre de 2025<\/strong><\/p><p>\u00a0<\/p><p>\u00a0<\/p><p dir=\"ltr\" role=\"presentation\">19:00<\/p><p dir=\"ltr\" role=\"presentation\"><strong>La escritura hoy: h\u00e1bitos y desaf\u00edos<\/strong> (<span style=\"font-weight: 400;\">Palacio de los Barrantes-Cervantes &#8211; Pl. San Miguel, 1)<\/span><\/p><p dir=\"ltr\" role=\"presentation\"><em>Intervienen: Diego Doncel, Leandro P\u00e9rez y Karina Sainz Borgo. Modera: Edu Gal\u00e1n.<\/em><\/p><p dir=\"ltr\" role=\"presentation\">\u00a0<\/p><p dir=\"ltr\" role=\"presentation\">\u00a0<\/p><p style=\"text-align: center;\"><strong>Viernes, 24 de octubre de 2025<\/strong><\/p><p>\u00a0<\/p><p>\u00a0<\/p><p dir=\"ltr\" role=\"presentation\">10:00<\/p><p dir=\"ltr\" role=\"presentation\"><strong>Taller de ilustraci\u00f3n para ni\u00f1os sobre Vargas Llosa <\/strong>(<strong><span style=\"font-weight: 400;\">Palacio de los Barrantes-Cervantes &#8211; Pl. San Miguel, 1)<\/span><\/strong>\u00a0<\/p><p dir=\"ltr\" role=\"presentation\">\u00a0<\/p><p dir=\"ltr\" role=\"presentation\">11:00<\/p><p dir=\"ltr\" role=\"presentation\"><strong>Actividades del Plan de Fomento de la Lectura para el D\u00eda de las Bibliotecas <\/strong>(<strong><span style=\"font-weight: 400;\">Palacio de los Barrantes-Cervantes &#8211; Pl. San Miguel, 1)<\/span><\/strong>\u00a0<\/p><p dir=\"ltr\" role=\"presentation\"><em>Dedicado a Vargas Llosa. Lecturas, piezas musicales y visita a la exposici\u00f3n Entre el Mar y el Barro organizada por Arte Trujillo Per\u00fa y la Fundaci\u00f3n Obra P\u00eda de los Pizarro.<\/em><\/p><p dir=\"ltr\" role=\"presentation\">\u00a0<\/p><p dir=\"ltr\" role=\"presentation\">19:00<\/p><p dir=\"ltr\" role=\"presentation\"><strong>El escritor como profesional: vocaci\u00f3n y mercado<\/strong> (<strong><span style=\"font-weight: 400;\">Palacio de los Barrantes-Cervantes &#8211; Pl. San Miguel, 1)<\/span><\/strong>\u00a0<\/p><p dir=\"ltr\" role=\"presentation\"><em>Intervienen Patr\u00edcia Soley-Beltran y Alberto Olmos. Modera: Juana Mar\u00eda Gonz\u00e1lez<\/em><\/p>\t\t\t\t\t\t\t\t<\/div>\n\t\t\t\t\t<\/div>\n\t\t\t\t<\/div>\n\t\t<div class=\"elementor-element elementor-element-fcf218a e-flex e-con-boxed e-con e-parent\" data-id=\"fcf218a\" data-element_type=\"container\">\n\t\t\t\t\t<div class=\"e-con-inner\">\n\t\t\t\t<div class=\"elementor-element elementor-element-42931f4 elementor-widget elementor-widget-spacer\" data-id=\"42931f4\" data-element_type=\"widget\" data-widget_type=\"spacer.default\">\n\t\t\t\t\t\t\t<div class=\"elementor-spacer\">\n\t\t\t<div class=\"elementor-spacer-inner\"><\/div>\n\t\t<\/div>\n\t\t\t\t\t\t<\/div>\n\t\t\t\t<div class=\"elementor-element elementor-element-34e6aaa elementor-align-center elementor-widget elementor-widget-button\" data-id=\"34e6aaa\" data-element_type=\"widget\" data-widget_type=\"button.default\">\n\t\t\t\t\t\t\t\t\t\t<a class=\"elementor-button elementor-button-link elementor-size-sm\" href=\"https:\/\/catedravargasllosa.org\/inicio\/index.php\/bienal-de-novela\/\">\n\t\t\t\t\t\t<span class=\"elementor-button-content-wrapper\">\n\t\t\t\t\t\t\t\t\t<span class=\"elementor-button-text\">Conoce m\u00e1s de la Bienal<\/span>\n\t\t\t\t\t<\/span>\n\t\t\t\t\t<\/a>\n\t\t\t\t\t\t\t\t<\/div>\n\t\t\t\t<div class=\"elementor-element elementor-element-4e0a969 elementor-widget elementor-widget-spacer\" data-id=\"4e0a969\" data-element_type=\"widget\" data-widget_type=\"spacer.default\">\n\t\t\t\t\t\t\t<div class=\"elementor-spacer\">\n\t\t\t<div class=\"elementor-spacer-inner\"><\/div>\n\t\t<\/div>\n\t\t\t\t\t\t<\/div>\n\t\t\t\t<div class=\"elementor-element elementor-element-e6e4bf4 elementor-widget elementor-widget-image\" data-id=\"e6e4bf4\" data-element_type=\"widget\" data-widget_type=\"image.default\">\n\t\t\t\t\t\t\t\t\t\t\t\t\t\t\t<img fetchpriority=\"high\" decoding=\"async\" width=\"1178\" height=\"1674\" src=\"https:\/\/catedravargasllosa.org\/inicio\/wp-content\/uploads\/2025\/10\/Captura-de-pantalla-2025-10-14-a-las-18.17.19.png\" class=\"attachment-full size-full wp-image-3588\" alt=\"\" srcset=\"https:\/\/catedravargasllosa.org\/inicio\/wp-content\/uploads\/2025\/10\/Captura-de-pantalla-2025-10-14-a-las-18.17.19.png 1178w, https:\/\/catedravargasllosa.org\/inicio\/wp-content\/uploads\/2025\/10\/Captura-de-pantalla-2025-10-14-a-las-18.17.19-211x300.png 211w, https:\/\/catedravargasllosa.org\/inicio\/wp-content\/uploads\/2025\/10\/Captura-de-pantalla-2025-10-14-a-las-18.17.19-721x1024.png 721w\" sizes=\"(max-width: 1178px) 100vw, 1178px\" \/>\t\t\t\t\t\t\t\t\t\t\t\t\t\t\t<\/div>\n\t\t\t\t\t<\/div>\n\t\t\t\t<\/div>\n\t\t<div class=\"elementor-element elementor-element-fcf487e e-flex e-con-boxed e-con e-parent\" data-id=\"fcf487e\" data-element_type=\"container\">\n\t\t\t\t\t<div class=\"e-con-inner\">\n\t\t\t\t<div class=\"elementor-element elementor-element-5cc3638 elementor-widget elementor-widget-spacer\" data-id=\"5cc3638\" data-element_type=\"widget\" data-widget_type=\"spacer.default\">\n\t\t\t\t\t\t\t<div class=\"elementor-spacer\">\n\t\t\t<div class=\"elementor-spacer-inner\"><\/div>\n\t\t<\/div>\n\t\t\t\t\t\t<\/div>\n\t\t\t\t\t<\/div>\n\t\t\t\t<\/div>\n\t\t\t\t<\/div>\n\t\t","protected":false},"excerpt":{"rendered":"<p>Programaci\u00f3n VI Bienal Vargas Llosa Entrada libre hasta completar aforo C\u00e1ceres Mi\u00e9rcoles, 22 de octubre de 2025 \u00a0 \u00a0 18:00 Acto de inauguraci\u00f3n (Gran Teatro &#8211; C. San Ant\u00f3n, 10, Centro-Casco Antiguo) Presenta: Marta Fern\u00e1ndez. \u00a0 18:30 Conversaci\u00f3n entre los 6 finalistas (Gran Teatro &#8211; C. San Ant\u00f3n, 10, Centro-Casco Antiguo) Intervienen: Gioconda Belli, Gustavo [&hellip;]<\/p>\n","protected":false},"author":3,"featured_media":0,"comment_status":"closed","ping_status":"open","sticky":false,"template":"elementor_header_footer","format":"standard","meta":{"_acf_changed":false,"footnotes":""},"categories":[8],"tags":[],"class_list":["post-3350","post","type-post","status-publish","format-standard","hentry","category-eventos"],"acf":[],"yoast_head":"<!-- This site is optimized with the Yoast SEO plugin v25.0 - https:\/\/yoast.com\/wordpress\/plugins\/seo\/ -->\n<title>Programa de la VI Bienal Mario Vargas Llosa - C\u00e1tedra Vargas Llosa<\/title>\n<meta name=\"robots\" content=\"index, follow, max-snippet:-1, max-image-preview:large, max-video-preview:-1\" \/>\n<link rel=\"canonical\" href=\"https:\/\/catedravargasllosa.org\/inicio\/index.php\/2025\/09\/03\/programa-de-la-vi-bienal-mario-vargas-llosa\/\" \/>\n<meta property=\"og:locale\" content=\"es_ES\" \/>\n<meta property=\"og:type\" content=\"article\" \/>\n<meta property=\"og:title\" content=\"Programa de la VI Bienal Mario Vargas Llosa - C\u00e1tedra Vargas Llosa\" \/>\n<meta property=\"og:description\" content=\"Programaci\u00f3n VI Bienal Vargas Llosa Entrada libre hasta completar aforo C\u00e1ceres Mi\u00e9rcoles, 22 de octubre de 2025 \u00a0 \u00a0 18:00 Acto de inauguraci\u00f3n (Gran Teatro &#8211; C. San Ant\u00f3n, 10, Centro-Casco Antiguo) Presenta: Marta Fern\u00e1ndez. \u00a0 18:30 Conversaci\u00f3n entre los 6 finalistas (Gran Teatro &#8211; C. San Ant\u00f3n, 10, Centro-Casco Antiguo) Intervienen: Gioconda Belli, Gustavo [&hellip;]\" \/>\n<meta property=\"og:url\" content=\"https:\/\/catedravargasllosa.org\/inicio\/index.php\/2025\/09\/03\/programa-de-la-vi-bienal-mario-vargas-llosa\/\" \/>\n<meta property=\"og:site_name\" content=\"C\u00e1tedra Vargas Llosa\" \/>\n<meta property=\"article:published_time\" content=\"2025-09-03T15:44:23+00:00\" \/>\n<meta property=\"article:modified_time\" content=\"2025-10-23T15:58:30+00:00\" \/>\n<meta property=\"og:image\" content=\"https:\/\/catedravargasllosa.org\/inicio\/wp-content\/uploads\/2025\/10\/Captura-de-pantalla-2025-10-14-a-las-18.17.19.png\" \/>\n\t<meta property=\"og:image:width\" content=\"1178\" \/>\n\t<meta property=\"og:image:height\" content=\"1674\" \/>\n\t<meta property=\"og:image:type\" content=\"image\/png\" \/>\n<meta name=\"author\" content=\"smacias\" \/>\n<meta name=\"twitter:card\" content=\"summary_large_image\" \/>\n<meta name=\"twitter:label1\" content=\"Escrito por\" \/>\n\t<meta name=\"twitter:data1\" content=\"smacias\" \/>\n\t<meta name=\"twitter:label2\" content=\"Tiempo de lectura\" \/>\n\t<meta name=\"twitter:data2\" content=\"5 minutos\" \/>\n<script type=\"application\/ld+json\" class=\"yoast-schema-graph\">{\"@context\":\"https:\/\/schema.org\",\"@graph\":[{\"@type\":\"Article\",\"@id\":\"https:\/\/catedravargasllosa.org\/inicio\/index.php\/2025\/09\/03\/programa-de-la-vi-bienal-mario-vargas-llosa\/#article\",\"isPartOf\":{\"@id\":\"https:\/\/catedravargasllosa.org\/inicio\/index.php\/2025\/09\/03\/programa-de-la-vi-bienal-mario-vargas-llosa\/\"},\"author\":{\"name\":\"smacias\",\"@id\":\"https:\/\/catedravargasllosa.org\/inicio\/#\/schema\/person\/4e1d7c8d4832b652c6000893e764eeb2\"},\"headline\":\"Programa de la VI Bienal Mario Vargas Llosa\",\"datePublished\":\"2025-09-03T15:44:23+00:00\",\"dateModified\":\"2025-10-23T15:58:30+00:00\",\"mainEntityOfPage\":{\"@id\":\"https:\/\/catedravargasllosa.org\/inicio\/index.php\/2025\/09\/03\/programa-de-la-vi-bienal-mario-vargas-llosa\/\"},\"wordCount\":983,\"publisher\":{\"@id\":\"https:\/\/catedravargasllosa.org\/inicio\/#organization\"},\"image\":{\"@id\":\"https:\/\/catedravargasllosa.org\/inicio\/index.php\/2025\/09\/03\/programa-de-la-vi-bienal-mario-vargas-llosa\/#primaryimage\"},\"thumbnailUrl\":\"https:\/\/catedravargasllosa.org\/inicio\/wp-content\/uploads\/2025\/10\/Captura-de-pantalla-2025-10-14-a-las-18.17.19.png\",\"articleSection\":[\"Eventos\"],\"inLanguage\":\"es\"},{\"@type\":\"WebPage\",\"@id\":\"https:\/\/catedravargasllosa.org\/inicio\/index.php\/2025\/09\/03\/programa-de-la-vi-bienal-mario-vargas-llosa\/\",\"url\":\"https:\/\/catedravargasllosa.org\/inicio\/index.php\/2025\/09\/03\/programa-de-la-vi-bienal-mario-vargas-llosa\/\",\"name\":\"Programa de la VI Bienal Mario Vargas Llosa - C\u00e1tedra Vargas Llosa\",\"isPartOf\":{\"@id\":\"https:\/\/catedravargasllosa.org\/inicio\/#website\"},\"primaryImageOfPage\":{\"@id\":\"https:\/\/catedravargasllosa.org\/inicio\/index.php\/2025\/09\/03\/programa-de-la-vi-bienal-mario-vargas-llosa\/#primaryimage\"},\"image\":{\"@id\":\"https:\/\/catedravargasllosa.org\/inicio\/index.php\/2025\/09\/03\/programa-de-la-vi-bienal-mario-vargas-llosa\/#primaryimage\"},\"thumbnailUrl\":\"https:\/\/catedravargasllosa.org\/inicio\/wp-content\/uploads\/2025\/10\/Captura-de-pantalla-2025-10-14-a-las-18.17.19.png\",\"datePublished\":\"2025-09-03T15:44:23+00:00\",\"dateModified\":\"2025-10-23T15:58:30+00:00\",\"breadcrumb\":{\"@id\":\"https:\/\/catedravargasllosa.org\/inicio\/index.php\/2025\/09\/03\/programa-de-la-vi-bienal-mario-vargas-llosa\/#breadcrumb\"},\"inLanguage\":\"es\",\"potentialAction\":[{\"@type\":\"ReadAction\",\"target\":[\"https:\/\/catedravargasllosa.org\/inicio\/index.php\/2025\/09\/03\/programa-de-la-vi-bienal-mario-vargas-llosa\/\"]}]},{\"@type\":\"ImageObject\",\"inLanguage\":\"es\",\"@id\":\"https:\/\/catedravargasllosa.org\/inicio\/index.php\/2025\/09\/03\/programa-de-la-vi-bienal-mario-vargas-llosa\/#primaryimage\",\"url\":\"https:\/\/catedravargasllosa.org\/inicio\/wp-content\/uploads\/2025\/10\/Captura-de-pantalla-2025-10-14-a-las-18.17.19.png\",\"contentUrl\":\"https:\/\/catedravargasllosa.org\/inicio\/wp-content\/uploads\/2025\/10\/Captura-de-pantalla-2025-10-14-a-las-18.17.19.png\",\"width\":1178,\"height\":1674},{\"@type\":\"BreadcrumbList\",\"@id\":\"https:\/\/catedravargasllosa.org\/inicio\/index.php\/2025\/09\/03\/programa-de-la-vi-bienal-mario-vargas-llosa\/#breadcrumb\",\"itemListElement\":[{\"@type\":\"ListItem\",\"position\":1,\"name\":\"Portada\",\"item\":\"https:\/\/catedravargasllosa.org\/inicio\/\"},{\"@type\":\"ListItem\",\"position\":2,\"name\":\"Programa de la VI Bienal Mario Vargas Llosa\"}]},{\"@type\":\"WebSite\",\"@id\":\"https:\/\/catedravargasllosa.org\/inicio\/#website\",\"url\":\"https:\/\/catedravargasllosa.org\/inicio\/\",\"name\":\"C\u00e1tedra Vargas Llosa\",\"description\":\"Nuestro prop&oacute;sito es fomentar el estudio de la literatura contempor&aacute;nea\",\"publisher\":{\"@id\":\"https:\/\/catedravargasllosa.org\/inicio\/#organization\"},\"potentialAction\":[{\"@type\":\"SearchAction\",\"target\":{\"@type\":\"EntryPoint\",\"urlTemplate\":\"https:\/\/catedravargasllosa.org\/inicio\/?s={search_term_string}\"},\"query-input\":{\"@type\":\"PropertyValueSpecification\",\"valueRequired\":true,\"valueName\":\"search_term_string\"}}],\"inLanguage\":\"es\"},{\"@type\":\"Organization\",\"@id\":\"https:\/\/catedravargasllosa.org\/inicio\/#organization\",\"name\":\"C\u00e1tedra Vargas Llosa\",\"url\":\"https:\/\/catedravargasllosa.org\/inicio\/\",\"logo\":{\"@type\":\"ImageObject\",\"inLanguage\":\"es\",\"@id\":\"https:\/\/catedravargasllosa.org\/inicio\/#\/schema\/logo\/image\/\",\"url\":\"https:\/\/catedravargasllosa.org\/inicio\/wp-content\/uploads\/2024\/05\/cropped-logo-vargas-llosa-1.png\",\"contentUrl\":\"https:\/\/catedravargasllosa.org\/inicio\/wp-content\/uploads\/2024\/05\/cropped-logo-vargas-llosa-1.png\",\"width\":350,\"height\":100,\"caption\":\"C\u00e1tedra Vargas Llosa\"},\"image\":{\"@id\":\"https:\/\/catedravargasllosa.org\/inicio\/#\/schema\/logo\/image\/\"}},{\"@type\":\"Person\",\"@id\":\"https:\/\/catedravargasllosa.org\/inicio\/#\/schema\/person\/4e1d7c8d4832b652c6000893e764eeb2\",\"name\":\"smacias\",\"image\":{\"@type\":\"ImageObject\",\"inLanguage\":\"es\",\"@id\":\"https:\/\/catedravargasllosa.org\/inicio\/#\/schema\/person\/image\/\",\"url\":\"https:\/\/secure.gravatar.com\/avatar\/5a4a44341385c763a0bf5df01267c7f21cc5e0270d36e5697ddcf11fe57ac551?s=96&d=mm&r=g\",\"contentUrl\":\"https:\/\/secure.gravatar.com\/avatar\/5a4a44341385c763a0bf5df01267c7f21cc5e0270d36e5697ddcf11fe57ac551?s=96&d=mm&r=g\",\"caption\":\"smacias\"},\"url\":\"https:\/\/catedravargasllosa.org\/inicio\/index.php\/author\/smacias\/\"}]}<\/script>\n<!-- \/ Yoast SEO plugin. -->","yoast_head_json":{"title":"Programa de la VI Bienal Mario Vargas Llosa - C\u00e1tedra Vargas Llosa","robots":{"index":"index","follow":"follow","max-snippet":"max-snippet:-1","max-image-preview":"max-image-preview:large","max-video-preview":"max-video-preview:-1"},"canonical":"https:\/\/catedravargasllosa.org\/inicio\/index.php\/2025\/09\/03\/programa-de-la-vi-bienal-mario-vargas-llosa\/","og_locale":"es_ES","og_type":"article","og_title":"Programa de la VI Bienal Mario Vargas Llosa - C\u00e1tedra Vargas Llosa","og_description":"Programaci\u00f3n VI Bienal Vargas Llosa Entrada libre hasta completar aforo C\u00e1ceres Mi\u00e9rcoles, 22 de octubre de 2025 \u00a0 \u00a0 18:00 Acto de inauguraci\u00f3n (Gran Teatro &#8211; C. San Ant\u00f3n, 10, Centro-Casco Antiguo) Presenta: Marta Fern\u00e1ndez. \u00a0 18:30 Conversaci\u00f3n entre los 6 finalistas (Gran Teatro &#8211; C. San Ant\u00f3n, 10, Centro-Casco Antiguo) Intervienen: Gioconda Belli, Gustavo [&hellip;]","og_url":"https:\/\/catedravargasllosa.org\/inicio\/index.php\/2025\/09\/03\/programa-de-la-vi-bienal-mario-vargas-llosa\/","og_site_name":"C\u00e1tedra Vargas Llosa","article_published_time":"2025-09-03T15:44:23+00:00","article_modified_time":"2025-10-23T15:58:30+00:00","og_image":[{"width":1178,"height":1674,"url":"https:\/\/catedravargasllosa.org\/inicio\/wp-content\/uploads\/2025\/10\/Captura-de-pantalla-2025-10-14-a-las-18.17.19.png","type":"image\/png"}],"author":"smacias","twitter_card":"summary_large_image","twitter_misc":{"Escrito por":"smacias","Tiempo de lectura":"5 minutos"},"schema":{"@context":"https:\/\/schema.org","@graph":[{"@type":"Article","@id":"https:\/\/catedravargasllosa.org\/inicio\/index.php\/2025\/09\/03\/programa-de-la-vi-bienal-mario-vargas-llosa\/#article","isPartOf":{"@id":"https:\/\/catedravargasllosa.org\/inicio\/index.php\/2025\/09\/03\/programa-de-la-vi-bienal-mario-vargas-llosa\/"},"author":{"name":"smacias","@id":"https:\/\/catedravargasllosa.org\/inicio\/#\/schema\/person\/4e1d7c8d4832b652c6000893e764eeb2"},"headline":"Programa de la VI Bienal Mario Vargas Llosa","datePublished":"2025-09-03T15:44:23+00:00","dateModified":"2025-10-23T15:58:30+00:00","mainEntityOfPage":{"@id":"https:\/\/catedravargasllosa.org\/inicio\/index.php\/2025\/09\/03\/programa-de-la-vi-bienal-mario-vargas-llosa\/"},"wordCount":983,"publisher":{"@id":"https:\/\/catedravargasllosa.org\/inicio\/#organization"},"image":{"@id":"https:\/\/catedravargasllosa.org\/inicio\/index.php\/2025\/09\/03\/programa-de-la-vi-bienal-mario-vargas-llosa\/#primaryimage"},"thumbnailUrl":"https:\/\/catedravargasllosa.org\/inicio\/wp-content\/uploads\/2025\/10\/Captura-de-pantalla-2025-10-14-a-las-18.17.19.png","articleSection":["Eventos"],"inLanguage":"es"},{"@type":"WebPage","@id":"https:\/\/catedravargasllosa.org\/inicio\/index.php\/2025\/09\/03\/programa-de-la-vi-bienal-mario-vargas-llosa\/","url":"https:\/\/catedravargasllosa.org\/inicio\/index.php\/2025\/09\/03\/programa-de-la-vi-bienal-mario-vargas-llosa\/","name":"Programa de la VI Bienal Mario Vargas Llosa - C\u00e1tedra Vargas Llosa","isPartOf":{"@id":"https:\/\/catedravargasllosa.org\/inicio\/#website"},"primaryImageOfPage":{"@id":"https:\/\/catedravargasllosa.org\/inicio\/index.php\/2025\/09\/03\/programa-de-la-vi-bienal-mario-vargas-llosa\/#primaryimage"},"image":{"@id":"https:\/\/catedravargasllosa.org\/inicio\/index.php\/2025\/09\/03\/programa-de-la-vi-bienal-mario-vargas-llosa\/#primaryimage"},"thumbnailUrl":"https:\/\/catedravargasllosa.org\/inicio\/wp-content\/uploads\/2025\/10\/Captura-de-pantalla-2025-10-14-a-las-18.17.19.png","datePublished":"2025-09-03T15:44:23+00:00","dateModified":"2025-10-23T15:58:30+00:00","breadcrumb":{"@id":"https:\/\/catedravargasllosa.org\/inicio\/index.php\/2025\/09\/03\/programa-de-la-vi-bienal-mario-vargas-llosa\/#breadcrumb"},"inLanguage":"es","potentialAction":[{"@type":"ReadAction","target":["https:\/\/catedravargasllosa.org\/inicio\/index.php\/2025\/09\/03\/programa-de-la-vi-bienal-mario-vargas-llosa\/"]}]},{"@type":"ImageObject","inLanguage":"es","@id":"https:\/\/catedravargasllosa.org\/inicio\/index.php\/2025\/09\/03\/programa-de-la-vi-bienal-mario-vargas-llosa\/#primaryimage","url":"https:\/\/catedravargasllosa.org\/inicio\/wp-content\/uploads\/2025\/10\/Captura-de-pantalla-2025-10-14-a-las-18.17.19.png","contentUrl":"https:\/\/catedravargasllosa.org\/inicio\/wp-content\/uploads\/2025\/10\/Captura-de-pantalla-2025-10-14-a-las-18.17.19.png","width":1178,"height":1674},{"@type":"BreadcrumbList","@id":"https:\/\/catedravargasllosa.org\/inicio\/index.php\/2025\/09\/03\/programa-de-la-vi-bienal-mario-vargas-llosa\/#breadcrumb","itemListElement":[{"@type":"ListItem","position":1,"name":"Portada","item":"https:\/\/catedravargasllosa.org\/inicio\/"},{"@type":"ListItem","position":2,"name":"Programa de la VI Bienal Mario Vargas Llosa"}]},{"@type":"WebSite","@id":"https:\/\/catedravargasllosa.org\/inicio\/#website","url":"https:\/\/catedravargasllosa.org\/inicio\/","name":"C\u00e1tedra Vargas Llosa","description":"Nuestro prop&oacute;sito es fomentar el estudio de la literatura contempor&aacute;nea","publisher":{"@id":"https:\/\/catedravargasllosa.org\/inicio\/#organization"},"potentialAction":[{"@type":"SearchAction","target":{"@type":"EntryPoint","urlTemplate":"https:\/\/catedravargasllosa.org\/inicio\/?s={search_term_string}"},"query-input":{"@type":"PropertyValueSpecification","valueRequired":true,"valueName":"search_term_string"}}],"inLanguage":"es"},{"@type":"Organization","@id":"https:\/\/catedravargasllosa.org\/inicio\/#organization","name":"C\u00e1tedra Vargas Llosa","url":"https:\/\/catedravargasllosa.org\/inicio\/","logo":{"@type":"ImageObject","inLanguage":"es","@id":"https:\/\/catedravargasllosa.org\/inicio\/#\/schema\/logo\/image\/","url":"https:\/\/catedravargasllosa.org\/inicio\/wp-content\/uploads\/2024\/05\/cropped-logo-vargas-llosa-1.png","contentUrl":"https:\/\/catedravargasllosa.org\/inicio\/wp-content\/uploads\/2024\/05\/cropped-logo-vargas-llosa-1.png","width":350,"height":100,"caption":"C\u00e1tedra Vargas Llosa"},"image":{"@id":"https:\/\/catedravargasllosa.org\/inicio\/#\/schema\/logo\/image\/"}},{"@type":"Person","@id":"https:\/\/catedravargasllosa.org\/inicio\/#\/schema\/person\/4e1d7c8d4832b652c6000893e764eeb2","name":"smacias","image":{"@type":"ImageObject","inLanguage":"es","@id":"https:\/\/catedravargasllosa.org\/inicio\/#\/schema\/person\/image\/","url":"https:\/\/secure.gravatar.com\/avatar\/5a4a44341385c763a0bf5df01267c7f21cc5e0270d36e5697ddcf11fe57ac551?s=96&d=mm&r=g","contentUrl":"https:\/\/secure.gravatar.com\/avatar\/5a4a44341385c763a0bf5df01267c7f21cc5e0270d36e5697ddcf11fe57ac551?s=96&d=mm&r=g","caption":"smacias"},"url":"https:\/\/catedravargasllosa.org\/inicio\/index.php\/author\/smacias\/"}]}},"_links":{"self":[{"href":"https:\/\/catedravargasllosa.org\/inicio\/index.php\/wp-json\/wp\/v2\/posts\/3350","targetHints":{"allow":["GET"]}}],"collection":[{"href":"https:\/\/catedravargasllosa.org\/inicio\/index.php\/wp-json\/wp\/v2\/posts"}],"about":[{"href":"https:\/\/catedravargasllosa.org\/inicio\/index.php\/wp-json\/wp\/v2\/types\/post"}],"author":[{"embeddable":true,"href":"https:\/\/catedravargasllosa.org\/inicio\/index.php\/wp-json\/wp\/v2\/users\/3"}],"replies":[{"embeddable":true,"href":"https:\/\/catedravargasllosa.org\/inicio\/index.php\/wp-json\/wp\/v2\/comments?post=3350"}],"version-history":[{"count":106,"href":"https:\/\/catedravargasllosa.org\/inicio\/index.php\/wp-json\/wp\/v2\/posts\/3350\/revisions"}],"predecessor-version":[{"id":3646,"href":"https:\/\/catedravargasllosa.org\/inicio\/index.php\/wp-json\/wp\/v2\/posts\/3350\/revisions\/3646"}],"wp:attachment":[{"href":"https:\/\/catedravargasllosa.org\/inicio\/index.php\/wp-json\/wp\/v2\/media?parent=3350"}],"wp:term":[{"taxonomy":"category","embeddable":true,"href":"https:\/\/catedravargasllosa.org\/inicio\/index.php\/wp-json\/wp\/v2\/categories?post=3350"},{"taxonomy":"post_tag","embeddable":true,"href":"https:\/\/catedravargasllosa.org\/inicio\/index.php\/wp-json\/wp\/v2\/tags?post=3350"}],"curies":[{"name":"wp","href":"https:\/\/api.w.org\/{rel}","templated":true}]}}